{"id":555677,"date":"2025-11-24T15:50:23","date_gmt":"2025-11-24T15:50:23","guid":{"rendered":"https:\/\/www.europesays.com\/fr\/555677\/"},"modified":"2025-11-24T15:50:23","modified_gmt":"2025-11-24T15:50:23","slug":"leurope-doit-lever-les-obstacles-a-lia-pour-ne-pas-se-mettre-en-peril-avertit-christine-lagarde","status":"publish","type":"post","link":"https:\/\/www.europesays.com\/fr\/555677\/","title":{"rendered":"L\u2019Europe doit lever les obstacles \u00e0 l\u2019IA pour ne pas se \u00abmettre en p\u00e9ril\u00bb, avertit Christine Lagarde"},"content":{"rendered":"<p>            <a href=\"https:\/\/www.lefigaro.fr\/secteur\/high-tech\/qu-est-ce-que-grapheneos-ce-logiciel-detourne-par-certains-trafiquants-pour-supprimer-les-informations-de-leur-telephone-20251119\" class=\"fig-ranking-profile-link\" aria-label=\"Qu\u2019est-ce que GrapheneOS, ce logiciel d\u00e9tourn\u00e9 par certains trafiquants pour supprimer les informations de leur t\u00e9l\u00e9phone\u00a0? (article Premium)\" title=\"Qu\u2019est-ce que GrapheneOS, ce logiciel d\u00e9tourn\u00e9 par certains trafiquants pour supprimer les informations de leur t\u00e9l\u00e9phone\u00a0? (article Premium)\" data-fig-domain=\"LEFIGARO\" target=\"_blank\" rel=\"noopener\"><\/p>\n<p>        Qu\u2019est-ce que GrapheneOS, ce logiciel d\u00e9tourn\u00e9 par certains trafiquants pour supprimer les informations de leur t\u00e9l\u00e9phone\u00a0?<\/p>\n<p>                                                <\/a><\/p>\n<p>        <img   class=\"fig-img fig-ranking-profile-media-small-picture__photo\" alt=\"Qu\u2019est-ce que GrapheneOS, ce logiciel d\u00e9tourn\u00e9 par certains trafiquants pour supprimer les informations de leur t\u00e9l\u00e9phone\u00a0?\" height=\"2001\" width=\"3000\"\/><\/p>\n<p class=\"fig-ranking-profile-standfirst\">\n    <strong>D\u00c9CRYPTAGE &#8211;<\/strong> Ce syst\u00e8me d\u2019exploitation cr\u00e9\u00e9 en 2014 inqui\u00e8te les autorit\u00e9s tricolores. Il permet, entre autres, de r\u00e9initialiser un smartphone aux param\u00e8tres d\u2019usine gr\u00e2ce \u00e0 un seul code. Les repr\u00e9sentants du logiciel, eux, interrogent la responsabilit\u00e9 d\u2019Android et Linux.\n<\/p>\n<p>            <a href=\"https:\/\/www.lefigaro.fr\/culture\/gabarit-imposant-gestion-logicielle-parfois-laborieuse-la-console-portable-qui-voulait-trop-en-faire-20251123\" class=\"fig-ranking-profile-link\" aria-label=\"Gabarit imposant, gestion logicielle parfois laborieuse... La console portable qui voulait trop en faire (article Premium)\" title=\"Gabarit imposant, gestion logicielle parfois laborieuse... La console portable qui voulait trop en faire (article Premium)\" data-fig-domain=\"LEFIGARO\" target=\"_blank\" rel=\"noopener\"><\/p>\n<p>        Gabarit imposant, gestion logicielle parfois laborieuse&#8230; La console portable qui voulait trop en faire<\/p>\n<p>                                                <\/a><\/p>\n<p>        <img   class=\"fig-img fig-ranking-profile-media-small-picture__photo\" alt=\"Gabarit imposant, gestion logicielle parfois laborieuse... La console portable qui voulait trop en faire\" height=\"2000\" width=\"3000\"\/><\/p>\n<p class=\"fig-ranking-profile-standfirst\">\n    <strong>D\u00c9CRYPTAGE &#8211; <\/strong>R\u00e9unissant l\u2019univers console et l\u2019\u00e9cosyst\u00e8me PC, la ROG Xbox Ally offre une ergonomie trop compliqu\u00e9e pour satisfaire les joueurs inv\u00e9t\u00e9r\u00e9s. Dommage\u2026\n<\/p>\n<p>            <a href=\"https:\/\/www.lefigaro.fr\/secteur\/high-tech\/whatsapp-une-faille-de-securite-a-expose-les-donnees-de-3-5-milliards-de-personnes-20251119\" class=\"fig-ranking-profile-link\" data-fig-domain=\"LEFIGARO\" target=\"_blank\" rel=\"noopener\"><\/p>\n<p>        WhatsApp\u00a0: des chercheurs exposent une faille de s\u00e9curit\u00e9 d\u00e9voilant les donn\u00e9es de 3,5 milliards de personnes<\/p>\n<p>                                                <\/a><\/p>\n<p>        <img   class=\"fig-img fig-ranking-profile-media-small-picture__photo\" alt=\"WhatsApp\u00a0: des chercheurs exposent une faille de s\u00e9curit\u00e9 d\u00e9voilant les donn\u00e9es de 3,5 milliards de personnes\" height=\"2001\" width=\"3000\"\/><\/p>\n<p class=\"fig-ranking-profile-standfirst\">\n    Des chercheurs autrichiens ont prouv\u00e9 qu\u2019il \u00e9tait possible d\u2019obtenir des informations cl\u00e9s sur une personne en tapant son num\u00e9ro au hasard sur le r\u00e9seau social. Au total, 3,5 milliards de personnes seraient ainsi concern\u00e9es.<\/p>\n","protected":false},"excerpt":{"rendered":"Qu\u2019est-ce que GrapheneOS, ce logiciel d\u00e9tourn\u00e9 par certains trafiquants pour supprimer les informations de leur t\u00e9l\u00e9phone\u00a0? D\u00c9CRYPTAGE &#8211;&hellip;\n","protected":false},"author":2,"featured_media":555678,"comment_status":"","ping_status":"","sticky":false,"template":"","format":"standard","meta":{"footnotes":""},"categories":[1586],"tags":[11,11126,1777,674,1011,27,223,12,25],"class_list":{"0":"post-555677","1":"post","2":"type-post","3":"status-publish","4":"format-standard","5":"has-post-thumbnail","7":"category-europe","8":"tag-actualites","9":"tag-bce","10":"tag-eu","11":"tag-europe","12":"tag-fr","13":"tag-france","14":"tag-intelligence-artificielle","15":"tag-news","16":"tag-republique-francaise"},"share_on_mastodon":{"url":"https:\/\/pubeurope.com\/@fr\/115605472910500431","error":""},"_links":{"self":[{"href":"https:\/\/www.europesays.com\/fr\/wp-json\/wp\/v2\/posts\/555677","targetHints":{"allow":["GET"]}}],"collection":[{"href":"https:\/\/www.europesays.com\/fr\/wp-json\/wp\/v2\/posts"}],"about":[{"href":"https:\/\/www.europesays.com\/fr\/wp-json\/wp\/v2\/types\/post"}],"author":[{"embeddable":true,"href":"https:\/\/www.europesays.com\/fr\/wp-json\/wp\/v2\/users\/2"}],"replies":[{"embeddable":true,"href":"https:\/\/www.europesays.com\/fr\/wp-json\/wp\/v2\/comments?post=555677"}],"version-history":[{"count":0,"href":"https:\/\/www.europesays.com\/fr\/wp-json\/wp\/v2\/posts\/555677\/revisions"}],"wp:featuredmedia":[{"embeddable":true,"href":"https:\/\/www.europesays.com\/fr\/wp-json\/wp\/v2\/media\/555678"}],"wp:attachment":[{"href":"https:\/\/www.europesays.com\/fr\/wp-json\/wp\/v2\/media?parent=555677"}],"wp:term":[{"taxonomy":"category","embeddable":true,"href":"https:\/\/www.europesays.com\/fr\/wp-json\/wp\/v2\/categories?post=555677"},{"taxonomy":"post_tag","embeddable":true,"href":"https:\/\/www.europesays.com\/fr\/wp-json\/wp\/v2\/tags?post=555677"}],"curies":[{"name":"wp","href":"https:\/\/api.w.org\/{rel}","templated":true}]}}