{"id":555681,"date":"2025-11-24T15:52:16","date_gmt":"2025-11-24T15:52:16","guid":{"rendered":"https:\/\/www.europesays.com\/fr\/555681\/"},"modified":"2025-11-24T15:52:16","modified_gmt":"2025-11-24T15:52:16","slug":"la-contre-proposition-europeenne-pour-mettre-fin-au-conflit-ne-convient-pas-a-la-russie-fait-savoir-le-kremlin","status":"publish","type":"post","link":"https:\/\/www.europesays.com\/fr\/555681\/","title":{"rendered":"la contre-proposition europ\u00e9enne pour mettre fin au conflit \u00ab\u00a0ne convient pas\u00a0\u00bb \u00e0 la Russie, fait savoir le Kremlin"},"content":{"rendered":"<p>   Le p\u00e9trole et le gaz europ\u00e9en refluent avec les discussions sur l\u2019Ukraine             <\/p>\n<p class=\"post__live-container--answer-text post__space-node\">Les cours du p\u00e9trole et du gaz europ\u00e9en baissent, lundi, ce dernier tombant m\u00eame sous les 30\u00a0euros le m\u00e9gawattheure pour la premi\u00e8re fois depuis mai\u00a02024, lest\u00e9 par des n\u00e9gociations du plan sur l\u2019Ukraine. A la mi-journ\u00e9e, le prix du baril de Brent de la mer du Nord, pour livraison en janvier, c\u00e9dait 0,38\u00a0%, \u00e0 62,32\u00a0dollars. Son \u00e9quivalent am\u00e9ricain, le baril de West Texas Intermediate, pour livraison le m\u00eame mois, s\u2019inclinait de 0,40\u00a0%, \u00e0 57,83\u00a0dollars.<\/p>\n<p class=\"post__live-container--answer-text post__space-node\">Le gaz naturel europ\u00e9en p\u00e2tit aussi des perspectives de paix en Ukraine. S\u2019y ajoute la \u00ab\u00a0forte croissance annuelle des importations de GNL\u00a0\u00bb (gaz naturel liqu\u00e9fi\u00e9), qui \u00ab\u00a0a compens\u00e9 la perte des volumes russes transitant par l\u2019Ukraine\u00a0\u00bb, et \u00ab\u00a0l\u2019augmentation importante des apports de gaz aux terminaux m\u00e9thaniers am\u00e9ricains\u00a0\u00bb, pr\u00e9cisent les analystes de DNB. Et si la p\u00e9riode de froid hivernal est synonyme d\u2019un accroissement de la demande, \u00ab\u00a0les pr\u00e9visions annoncent un net r\u00e9chauffement, ce qui r\u00e9duira sensiblement\u00a0\u00bb celle-ci, pr\u00e9voient-ils.<\/p>\n<p class=\"post__live-container--answer-text post__space-node\">Lundi, le contrat \u00e0 terme du TTF n\u00e9erlandais, consid\u00e9r\u00e9 comme la r\u00e9f\u00e9rence europ\u00e9enne du gaz naturel, perdait 2,69\u00a0%, \u00e0 29,38\u00a0euros le m\u00e9gawattheure (MWh), peu apr\u00e8s \u00eatre tomb\u00e9 \u00e0 29,20\u00a0euros, un plus bas depuis mai\u00a02024.<\/p>\n","protected":false},"excerpt":{"rendered":"Le p\u00e9trole et le gaz europ\u00e9en refluent avec les discussions sur l\u2019Ukraine Les cours du p\u00e9trole et du&hellip;\n","protected":false},"author":2,"featured_media":555682,"comment_status":"","ping_status":"","sticky":false,"template":"","format":"standard","meta":{"footnotes":""},"categories":[2],"tags":[11,1011,27,12,25],"class_list":{"0":"post-555681","1":"post","2":"type-post","3":"status-publish","4":"format-standard","5":"has-post-thumbnail","7":"category-actualites","8":"tag-actualites","9":"tag-fr","10":"tag-france","11":"tag-news","12":"tag-republique-francaise"},"share_on_mastodon":{"url":"https:\/\/pubeurope.com\/@fr\/115605480754005721","error":""},"_links":{"self":[{"href":"https:\/\/www.europesays.com\/fr\/wp-json\/wp\/v2\/posts\/555681","targetHints":{"allow":["GET"]}}],"collection":[{"href":"https:\/\/www.europesays.com\/fr\/wp-json\/wp\/v2\/posts"}],"about":[{"href":"https:\/\/www.europesays.com\/fr\/wp-json\/wp\/v2\/types\/post"}],"author":[{"embeddable":true,"href":"https:\/\/www.europesays.com\/fr\/wp-json\/wp\/v2\/users\/2"}],"replies":[{"embeddable":true,"href":"https:\/\/www.europesays.com\/fr\/wp-json\/wp\/v2\/comments?post=555681"}],"version-history":[{"count":0,"href":"https:\/\/www.europesays.com\/fr\/wp-json\/wp\/v2\/posts\/555681\/revisions"}],"wp:featuredmedia":[{"embeddable":true,"href":"https:\/\/www.europesays.com\/fr\/wp-json\/wp\/v2\/media\/555682"}],"wp:attachment":[{"href":"https:\/\/www.europesays.com\/fr\/wp-json\/wp\/v2\/media?parent=555681"}],"wp:term":[{"taxonomy":"category","embeddable":true,"href":"https:\/\/www.europesays.com\/fr\/wp-json\/wp\/v2\/categories?post=555681"},{"taxonomy":"post_tag","embeddable":true,"href":"https:\/\/www.europesays.com\/fr\/wp-json\/wp\/v2\/tags?post=555681"}],"curies":[{"name":"wp","href":"https:\/\/api.w.org\/{rel}","templated":true}]}}