{"id":555683,"date":"2025-11-24T15:53:19","date_gmt":"2025-11-24T15:53:19","guid":{"rendered":"https:\/\/www.europesays.com\/fr\/555683\/"},"modified":"2025-11-24T15:53:19","modified_gmt":"2025-11-24T15:53:19","slug":"un-homme-trouve-la-mort-apres-lexplosion-de-son-camion-dans-le-centre-bourg-dun-village-de-seine-maritime","status":"publish","type":"post","link":"https:\/\/www.europesays.com\/fr\/555683\/","title":{"rendered":"Un homme trouve la mort apr\u00e8s l\u2019explosion de son camion dans le centre-bourg d\u2019un village de Seine-Maritime"},"content":{"rendered":"<p>                    Par<br \/>\n        <strong><br \/>\n            <a href=\"https:\/\/actu.fr\/auteur\/sebastien-aliome\" title=\"Consulter tous les articles de S\u00e9bastien Aliome\" target=\"_blank\" rel=\"noopener\">S\u00e9bastien Aliome<\/a><br \/>\n                    <\/strong><\/p>\n<p>        Publi\u00e9 le<\/p>\n<p>            24 nov. 2025 \u00e0 12h22<br \/>\n        ; mis \u00e0 jour le 24 nov. 2025 \u00e0 15h49    <\/p>\n<p>Un terrible <a href=\"https:\/\/actu.fr\/tag\/accident\" target=\"_blank\" rel=\"noopener\">accident<\/a> est survenu ce <b>lundi 24\u00a0novembre 2025<\/b> au niveau de la commune de <b>Pommer\u00e9val<\/b>, entre <a href=\"https:\/\/actu.fr\/normandie\/neufchatel-en-bray_76462\" target=\"_blank\" rel=\"noopener\">Neufch\u00e2tel-en-Bray<\/a> et <b>Les Grandes-Ventes<\/b> (Seine-Maritime).<\/p>\n<p class=\" wall-content\">Un <b>camion a pris feu <\/b>dans le centre de la commune, sur la <b>route d\u00e9partementale 915<\/b>, en fin de matin\u00e9e. Aussit\u00f4t, des explosions ont \u00e9t\u00e9 entendues jusqu\u2019\u00e0 plusieurs kilom\u00e8tres.<\/p>\n<p class=\" wall-content\">Alors qu\u2019un autre poids lourd passait au m\u00eame moment dans l\u2019autre sens, le camion concern\u00e9 qui transportait du poisson s\u2019est embras\u00e9.<\/p>\n<p>Riverains et \u00e9coliers \u00e9vacu\u00e9s<\/p>\n<p class=\" wall-content\">Un poteau au niveau d\u2019une habitation \u00e0 proximit\u00e9 de l\u2019accident a \u00e9t\u00e9 souffl\u00e9 par l\u2019explosion et <b>plusieurs vitres ont \u00e9t\u00e9 cass\u00e9es<\/b>. Plusieurs riverains ont \u00e9t\u00e9 \u00e9vacu\u00e9s et mis en s\u00e9curit\u00e9.<\/p>\n<p class=\" wall-content\">Les <b>enfants de l\u2019\u00e9cole<\/b> situ\u00e9e \u00e0 proximit\u00e9 ont eux aussi \u00e9t\u00e9 transport\u00e9s vers une autre commune et accueillis \u00e0 l\u2019<b>\u00e9cole d\u2019Esclavelles<\/b>. Ils seront entendus demain par un psychologue.<\/p>\n<p>Le conducteur est d\u00e9c\u00e9d\u00e9<\/p>\n<p class=\" wall-content\">Le <b>chauffeur <\/b>de ce poids lourd est <b>d\u00e9c\u00e9d\u00e9 <\/b>sur place, malgr\u00e9 l\u2019intervention rapide des pompiers et l\u2019arriv\u00e9e de secours par h\u00e9licopt\u00e8re.<\/p>\n<p>Vid\u00e9os : en ce moment sur Actu<\/p>\n<p class=\" wall-content\">Environ 25 engins ont \u00e9t\u00e9 d\u00e9ploy\u00e9s avec plusieurs lances \u00e0 incendie. Les gendarmes ont \u00e9galement \u00e9t\u00e9 appel\u00e9s sur les lieux aux alentours de 11\u2009h\u200920.<\/p>\n<p>    <img   decoding=\"async\" loading=\"lazy\" class=\"size-large\" src=\"https:\/\/www.europesays.com\/fr\/wp-content\/uploads\/2025\/11\/905e6b5e34296a45e6b5e3429885e6v-960x640.jpg\" alt=\"S\u00e9bastien Aliome\" width=\"960\" height=\"640\"\/><br \/>\n    Des explosions ont retenti au niveau des camions juste apr\u00e8s la collision. \u00a9Le R\u00e9veil<\/p>\n<p>Votre r\u00e9gion, votre actu !<\/p>\n<p>Recevez chaque jour les infos qui comptent pour vous.<\/p>\n<p>\t<a href=\"https:\/\/actu.fr\/newsletter\" class=\"ac-btn ac-btn--corner ac-btn--medium ac-btn--blue800\" target=\"_blank\" rel=\"noopener\">S&rsquo;incrire<\/a><\/p>\n<p class=\" wall-content\">Avant m\u00eame leur intervention, l\u2019agent communal a tent\u00e9 de sauver le chauffeur mais n\u2019y est malheureusement pas parvenu. Il a eu la main br\u00fbl\u00e9e.<\/p>\n<p>Des bonbonnes d\u2019oxyg\u00e8ne<\/p>\n<p class=\" wall-content\">\u00c0 signaler que la <b>route <\/b>est <b>coup\u00e9e dans les deux sens<\/b>, et notamment au niveau du rond-point en direction des Grandes-Ventes. Des d\u00e9viations ont \u00e9t\u00e9 mises en place.<\/p>\n<p class=\" wall-content\">Le r\u00e9tablissement de la circulation devrait avoir lieu plus tard dans la journ\u00e9e. En effet, La derni\u00e8re bonbonne d\u2019oxyg\u00e8ne se trouvant au niveau du camion se vidait dans l\u2019apr\u00e8s-midi.<\/p>\n<p>    <img   decoding=\"async\" loading=\"lazy\" class=\"size-large\" src=\"https:\/\/www.europesays.com\/fr\/wp-content\/uploads\/2025\/11\/4f44edee642967354edee64298754ev-960x591.jpg\" alt=\"Un point presse a \u00e9t\u00e9 organis\u00e9 dans l'apr\u00e8s-midi.\" width=\"960\" height=\"591\"\/><br \/>\n    Un point presse a \u00e9t\u00e9 organis\u00e9 dans l\u2019apr\u00e8s-midi. \u00a9Le R\u00e9veil<\/p>\n<p class=\" wall-content\">Dans la journ\u00e9e, tandis que les techniciens de l\u2019identification criminelle \u00e9taient sur le site, un point presse a \u00e9t\u00e9 organis\u00e9 en pr\u00e9sence de <b>la sous-pr\u00e9f\u00e8te de Dieppe<\/b>, de la maire de la commune et du pr\u00e9sident de la <b>communaut\u00e9 de communes Bray Eaw<\/b>y, \u00e9galement vice-pr\u00e9sident du D\u00e9partement. Elle a indiqu\u00e9 que l\u2019enqu\u00eate aura \u00e0 d\u00e9terminer les <b>causes exactes du drame<\/b>.<\/p>\n<p class=\" wall-content\">Enfin, la mairie a organis\u00e9 une prise en charge psychologique et a propos\u00e9 aux personnes qui ont assist\u00e9 \u00e0 la sc\u00e8ne (et qui le souhaitaient), de venir dans ses locaux.<\/p>\n<p class=\" wall-content\">Personnalisez votre actualit\u00e9 en ajoutant vos villes et m\u00e9dias en favori avec <a href=\"https:\/\/moncompte.actu.fr\" title=\"D\u00e9couvez Mon Actu\" rel=\"nofollow noopener\" data-trk=\"{&quot;cta&quot;:{&quot;action&quot;:&quot;https:\\\/\\\/moncompte.actu.fr&quot;,&quot;category&quot;:&quot;mon compte&quot;,&quot;from&quot;:&quot;article footer&quot;,&quot;name&quot;:&quot;Mon actu&quot;,&quot;type&quot;:&quot;cta&quot;}}\" target=\"_blank\">Mon Actu<\/a>.<\/p>\n","protected":false},"excerpt":{"rendered":"Par S\u00e9bastien Aliome Publi\u00e9 le 24 nov. 2025 \u00e0 12h22 ; mis \u00e0 jour le 24 nov. 2025&hellip;\n","protected":false},"author":2,"featured_media":555684,"comment_status":"","ping_status":"","sticky":false,"template":"","format":"standard","meta":{"footnotes":""},"categories":[2],"tags":[119,11,118,1011,27,12,10175,1311,25],"class_list":{"0":"post-555683","1":"post","2":"type-post","3":"status-publish","4":"format-standard","5":"has-post-thumbnail","7":"category-actualites","8":"tag-accident","9":"tag-actualites","10":"tag-faits-divers","11":"tag-fr","12":"tag-france","13":"tag-news","14":"tag-pays-de-bray","15":"tag-pompiers","16":"tag-republique-francaise"},"share_on_mastodon":{"url":"https:\/\/pubeurope.com\/@fr\/115605485853532651","error":""},"_links":{"self":[{"href":"https:\/\/www.europesays.com\/fr\/wp-json\/wp\/v2\/posts\/555683","targetHints":{"allow":["GET"]}}],"collection":[{"href":"https:\/\/www.europesays.com\/fr\/wp-json\/wp\/v2\/posts"}],"about":[{"href":"https:\/\/www.europesays.com\/fr\/wp-json\/wp\/v2\/types\/post"}],"author":[{"embeddable":true,"href":"https:\/\/www.europesays.com\/fr\/wp-json\/wp\/v2\/users\/2"}],"replies":[{"embeddable":true,"href":"https:\/\/www.europesays.com\/fr\/wp-json\/wp\/v2\/comments?post=555683"}],"version-history":[{"count":0,"href":"https:\/\/www.europesays.com\/fr\/wp-json\/wp\/v2\/posts\/555683\/revisions"}],"wp:featuredmedia":[{"embeddable":true,"href":"https:\/\/www.europesays.com\/fr\/wp-json\/wp\/v2\/media\/555684"}],"wp:attachment":[{"href":"https:\/\/www.europesays.com\/fr\/wp-json\/wp\/v2\/media?parent=555683"}],"wp:term":[{"taxonomy":"category","embeddable":true,"href":"https:\/\/www.europesays.com\/fr\/wp-json\/wp\/v2\/categories?post=555683"},{"taxonomy":"post_tag","embeddable":true,"href":"https:\/\/www.europesays.com\/fr\/wp-json\/wp\/v2\/tags?post=555683"}],"curies":[{"name":"wp","href":"https:\/\/api.w.org\/{rel}","templated":true}]}}