{"id":555685,"date":"2025-11-24T15:54:20","date_gmt":"2025-11-24T15:54:20","guid":{"rendered":"https:\/\/www.europesays.com\/fr\/555685\/"},"modified":"2025-11-24T15:54:20","modified_gmt":"2025-11-24T15:54:20","slug":"armee-vers-un-retour-du-service-militaire-en-france","status":"publish","type":"post","link":"https:\/\/www.europesays.com\/fr\/555685\/","title":{"rendered":"Arm\u00e9e : vers un retour du service militaire en France ?"},"content":{"rendered":"<ul class=\"jsx-862013697 ArticleChapo__List\">\n<li class=\"jsx-862013697 ArticleChapo__List_Item flex\">Emmanuel Macron pourrait bient\u00f4t annoncer l&rsquo;instauration d&rsquo;un service militaire volontaire.<\/li>\n<li class=\"jsx-862013697 ArticleChapo__List_Item flex\">L&rsquo;objectif serait de recruter 3.000 volontaires d\u00e8s 2026.<\/li>\n<li class=\"jsx-862013697 ArticleChapo__List_Item flex\">L&rsquo;\u00e9dito politique de Christophe Barbier sur LCI.<\/li>\n<\/ul>\n<p data-module=\"article-paragraph\" class=\"jsx-3046738180 Paragraph\">Partout <a href=\"https:\/\/www.tf1info.fr\/international\/video-en-norvege-les-jeunes-sont-selectionnes-le-service-militaire-norvegien-inspire-emmanuel-macron-2407686.html\" target=\"_blank\" rel=\"noopener\">en Europe,<\/a> le service militaire volontaire s&rsquo;adapte pour attirer de nouveaux jeunes <a href=\"https:\/\/www.tf1info.fr\/international\/une-menace-russe-d-ici-3-4-ans-ce-que-vaut-l-armee-francaise-actuellement-2402388.html\" target=\"_blank\" rel=\"noopener\">face \u00e0 la menace russe<\/a>. Et la France ne fait pas exception. Emmanuel Macron devrait ainsi annoncer dans la semaine l&rsquo;instauration d&rsquo;un <a href=\"https:\/\/www.tf1info.fr\/societe\/video-tf1-que-sait-on-sur-le-nouveau-service-militaire-volontaire-voulu-par-emmanuel-macron-2407970.html\" target=\"_blank\" rel=\"noopener\">service militaire<\/a> universel, r\u00e9mun\u00e9r\u00e9 et sur la base du volontariat.<\/p>\n<p data-module=\"article-paragraph\" class=\"jsx-3046738180 Paragraph Paragraph__End\">\u00ab\u00a0Le but est d&rsquo;avoir un troisi\u00e8me pilier \u00e0 notre d\u00e9fense\u00a0\u00bb, analyse Christophe Barbier dans son \u00e9dito politique du lundi 24 novembre. \u00ab\u00a0Il y a les militaires professionnels, il y a les r\u00e9servistes et il y aurait ce troisi\u00e8me corps, c&rsquo;est-\u00e0-dire des conscrits volontaires qui seraient form\u00e9s avec une ambition sur les effectifs : 3.000 volontaires d\u00e8s l&rsquo;ann\u00e9e prochaine, 10.000 en 2030, et 50.000 en rythme de croisi\u00e8re \u00e0 partir de 2035\u00a0\u00bb, d\u00e9veloppe-t-il.\u00a0<\/p>\n<p><a href=\"https:\/\/www.tf1info.fr\/societe\/defense-faut-il-s-engager-dans-la-reserve-de-l-armee-ou-le-service-national-universel-lci-vous-repond-2359798.html\" rel=\"noopener\" class=\"jsx-3308031228 Link flex\" target=\"_blank\"><img decoding=\"async\" src=\"https:\/\/www.europesays.com\/fr\/wp-content\/uploads\/2025\/11\/armee-illustration-1-e2f174-1@1x.jpeg\" alt=\"ILLUSTRATION\" loading=\"lazy\" importance=\"low\" fetchpriority=\"low\" class=\"\" aria-hidden=\"true\"\/><\/p>\n<p class=\"jsx-3657663356 ReadMoreArticle__Title\">Lire aussi<\/p>\n<p class=\"jsx-3657663356\">D\u00e9fense : faut-il s&rsquo;engager dans la r\u00e9serve de l&rsquo;arm\u00e9e ou le service national universel ? LCI vous r\u00e9pond<\/p>\n<p><\/a><\/p>\n<p data-module=\"article-paragraph\" class=\"jsx-3046738180 Paragraph\">Avec cette annonce, c&rsquo;est ainsi le <a href=\"https:\/\/www.tf1info.fr\/societe\/snu-objectifs-cout-la-cour-des-comptes-dresse-un-bilan-tres-severe-du-service-national-universel-2319427.html\" target=\"_blank\" rel=\"noopener\">Service national universel<\/a> (SNU) qui tombe d\u00e9finitivement \u00e0 l&rsquo;eau. \u00ab\u00a0Pourquoi ? Parce qu&rsquo;on ne voyait pas vraiment son objectif concret. C&rsquo;\u00e9tait quoi ? Faire du civisme ? Lutter contre le s\u00e9paratisme ? Servir la R\u00e9publique ? Avoir de l&rsquo;engagement caritatif ? C&rsquo;\u00e9tait trop flou. Et puis surtout, \u00e7a a but\u00e9 sur son financement\u00a0\u00bb, explique l&rsquo;\u00e9ditorialiste.\u00a0<\/p>\n<p data-module=\"article-paragraph\" class=\"jsx-3046738180 Paragraph Paragraph__End\">Pour cette nouvelle formule, l&rsquo;objectif est clair : \u00ab\u00a0Former des soldats aptes au combat, mais qui n&rsquo;iront pas au front, poursuit-il. Si l&rsquo;arm\u00e9e professionnelle devait \u00eatre mobilis\u00e9e, eux, ils s\u00e9curiseraient le pays avec un co\u00fbt qui est plus encadr\u00e9\u00a0\u00bb. Jusqu&rsquo;\u00e0 2 milliards s&rsquo;ils sont 50.000 volontaires en 2035.<\/p>\n<p>Emma ALLAMAND<\/p>\n","protected":false},"excerpt":{"rendered":"Emmanuel Macron pourrait bient\u00f4t annoncer l&rsquo;instauration d&rsquo;un service militaire volontaire. L&rsquo;objectif serait de recruter 3.000 volontaires d\u00e8s 2026.&hellip;\n","protected":false},"author":2,"featured_media":555686,"comment_status":"","ping_status":"","sticky":false,"template":"","format":"standard","meta":{"footnotes":""},"categories":[4],"tags":[1111,11,1921,1073,1011,27,1922,6225,12,25,133,5010],"class_list":{"0":"post-555685","1":"post","2":"type-post","3":"status-publish","4":"format-standard","5":"has-post-thumbnail","7":"category-france","8":"tag-actu","9":"tag-actualites","10":"tag-article-video","11":"tag-emmanuel-macron","12":"tag-fr","13":"tag-france","14":"tag-info","15":"tag-la-matinale","16":"tag-news","17":"tag-republique-francaise","18":"tag-video","19":"tag-video-sujets-de-societe"},"share_on_mastodon":{"url":"https:\/\/pubeurope.com\/@fr\/115605488587421682","error":""},"_links":{"self":[{"href":"https:\/\/www.europesays.com\/fr\/wp-json\/wp\/v2\/posts\/555685","targetHints":{"allow":["GET"]}}],"collection":[{"href":"https:\/\/www.europesays.com\/fr\/wp-json\/wp\/v2\/posts"}],"about":[{"href":"https:\/\/www.europesays.com\/fr\/wp-json\/wp\/v2\/types\/post"}],"author":[{"embeddable":true,"href":"https:\/\/www.europesays.com\/fr\/wp-json\/wp\/v2\/users\/2"}],"replies":[{"embeddable":true,"href":"https:\/\/www.europesays.com\/fr\/wp-json\/wp\/v2\/comments?post=555685"}],"version-history":[{"count":0,"href":"https:\/\/www.europesays.com\/fr\/wp-json\/wp\/v2\/posts\/555685\/revisions"}],"wp:featuredmedia":[{"embeddable":true,"href":"https:\/\/www.europesays.com\/fr\/wp-json\/wp\/v2\/media\/555686"}],"wp:attachment":[{"href":"https:\/\/www.europesays.com\/fr\/wp-json\/wp\/v2\/media?parent=555685"}],"wp:term":[{"taxonomy":"category","embeddable":true,"href":"https:\/\/www.europesays.com\/fr\/wp-json\/wp\/v2\/categories?post=555685"},{"taxonomy":"post_tag","embeddable":true,"href":"https:\/\/www.europesays.com\/fr\/wp-json\/wp\/v2\/tags?post=555685"}],"curies":[{"name":"wp","href":"https:\/\/api.w.org\/{rel}","templated":true}]}}