{"id":555699,"date":"2025-11-24T16:07:32","date_gmt":"2025-11-24T16:07:32","guid":{"rendered":"https:\/\/www.europesays.com\/fr\/555699\/"},"modified":"2025-11-24T16:07:32","modified_gmt":"2025-11-24T16:07:32","slug":"son-petit-ami-arnaud-a-participe-a-the-voice-regardez-son-audition-a-laveugle","status":"publish","type":"post","link":"https:\/\/www.europesays.com\/fr\/555699\/","title":{"rendered":"Son petit ami Arnaud a particip\u00e9 \u00e0 The Voice, regardez son audition \u00e0 l\u2019aveugle !"},"content":{"rendered":"<p>Ce vendredi 21 novembre, Lily a eu la surprise de voir appara\u00eetre son petit ami Arnaud sur le plateau de la Star Academy en plein prime. Mais ce n&rsquo;est pas la premi\u00e8re fois que les t\u00e9l\u00e9spectateurs de TF1 voient le jeune homme&#8230;<\/p>\n<p>Ils ne sont d\u00e9sormais plus que douze encore en lice. Ce vendredi 21 novembre, la comp\u00e9tition se poursuivait \u00e0 la Star Academy. Le sixi\u00e8me prime de <a href=\"https:\/\/www.programme-tv.net\/news\/tv\/388521-star-academy-2025-date-de-diffusion-professeurs-casting-toutes-les-infos-sur-la-nouvelle-saison\/\" data-api-deeplink=\"teleloisirs:\/\/news\/388521\" target=\"_blank\" rel=\"noopener\">l&rsquo;\u00e9dition 2025 sur TF1<\/a> a notamment \u00e9t\u00e9 marqu\u00e9 par <a href=\"https:\/\/www.programme-tv.net\/news\/tv\/392638-a-jamais-dans-mon-coeur-leane-eliminee-de-la-star-academy-2025-sort-du-silence-pour-la-premiere-fois-depuis-son-depart\/\" data-api-deeplink=\"teleloisirs:\/\/news\/392638\" target=\"_blank\" rel=\"noopener\">le d\u00e9part de L\u00e9ane<\/a> apr\u00e8s que le public a d\u00e9cid\u00e9 de sauver Victor et que <a href=\"https:\/\/www.programme-tv.net\/news\/tv\/392576-star-academy-2025-quel-eleve-a-ete-elimine-lors-du-prime-de-ce-vendredi-21-novembre-2025\/\" data-api-deeplink=\"teleloisirs:\/\/news\/392576\" target=\"_blank\" rel=\"noopener\">Th\u00e9o P. a \u00e9t\u00e9 rep\u00each\u00e9 par les acad\u00e9miciens<\/a>. La soir\u00e9e \u00e9tait \u00e9galement plac\u00e9e sous le signe de la surprise puisque les \u00e9l\u00e8ves ont eu l&rsquo;opportunit\u00e9 de partager des duos avec des artistes dont ils ignoraient l&rsquo;identit\u00e9. Ainsi, Melissa a pu chanter avec <a href=\"https:\/\/www.programme-tv.net\/biographie\/200211-schneider-aliocha\/\" data-link-people=\"44c0f3d4-9a84-4897-ac93-9a0226e0ef8e\" target=\"_blank\" rel=\"noopener\">Aliocha Schneider<\/a>, L\u00e9o a rencontr\u00e9 Zaoui, son chanteur pr\u00e9f\u00e9r\u00e9 du groupe Th\u00e9rapie Taxi et <a href=\"https:\/\/www.programme-tv.net\/biographie\/290179-frerot-jeremy\/\" data-link-people=\"6ba72392-25e3-45b0-99a5-a1d6f93fc52d\" target=\"_blank\" rel=\"noopener\">J\u00e9r\u00e9my Fr\u00e9rot<\/a> a interpr\u00e9t\u00e9 Adieu en compagnie d&rsquo;Ambre.<\/p>\n<p>Mais le moment le plus \u00e9mouvant est sans nul doute la surprise que la production de la Star Academy a r\u00e9serv\u00e9e \u00e0 Lily. \u00ab\u00a0Nous avons un nouvel invit\u00e9\u00a0\u00bb, a annonc\u00e9 Nikos Aliagas pendant le prime, avant d&rsquo;ajouter : \u00ab\u00a0Il n&rsquo;est pas connu du grand public, mais il a une grande fan parmi nos \u00e9l\u00e8ves\u00a0\u00bb. Alors que la porte du plateau s&rsquo;ouvrait, la jeune femme a vu son petit ami, Arnaud, d\u00e9barquer sur la sc\u00e8ne du studio 217, \u00e0 la Pleine Saint-Denis. <b>Son compagnon \u00e9tait pr\u00e9sent pour reprendre avec elle <\/b><b>With or Without You<\/b>, le c\u00e9l\u00e8bre tube de U2, en s&rsquo;accompagnant \u00e0 la guitare. Un moment hors du temps et qui a boulevers\u00e9 aussi bien les \u00e9l\u00e8ves que leurs professeurs et le public tant les deux tourtereaux \u00e9taient \u00e9mus de se retrouver apr\u00e8s plusieurs semaines de s\u00e9paration.<\/p>\n<p>                        Arnaud Belmudes, le petit ami de Lily (Star Academy 2025), a fait partie des talents de la saison 12 de The Voice<\/p>\n<p>Si le visage d&rsquo;Arnaud vous dit quelque chose, c&rsquo;est normal puisque le jeune homme est d\u00e9j\u00e0 apparu \u00e0 la t\u00e9l\u00e9vision fran\u00e7aise par le pass\u00e9. En 2023,<b> le chanteur avait particip\u00e9 \u00e0 la 12e saison de <\/b><b>The Voice<\/b>. Arnaud avait repris Bravo tu as gagn\u00e9 de <a href=\"https:\/\/www.programme-tv.net\/biographie\/49724-mathieu-mireille\/\" data-link-people=\"46d86a3f-e452-4dbc-b1c4-a8c25f70badc\" target=\"_blank\" rel=\"noopener\">Mireille Mathieu<\/a>, mais sa performance n\u2019avait pas convaincu le jury, compos\u00e9 \u00e0 l&rsquo;\u00e9poque de Zazie, <a href=\"https:\/\/www.programme-tv.net\/biographie\/46035-bent-amel\/\" data-link-people=\"b7eb1b90-651e-4c0c-b591-4e98a32341a0\" target=\"_blank\" rel=\"noopener\">Amel Bent<\/a>, Vianney ainsi que le duo <a href=\"https:\/\/www.programme-tv.net\/biographie\/283222-bigflo-oli\/\" data-link-people=\"bb1f74d3-761c-4040-b302-d3a1affde171\" target=\"_blank\" rel=\"noopener\">Bigflo &amp; Oli<\/a>, car personne ne s&rsquo;\u00e9tait retourn\u00e9. <b>Nous vous proposons de d\u00e9couvrir la vid\u00e9o de son audition \u00e0 l&rsquo;aveugle <\/b><a href=\"https:\/\/www.tf1.fr\/player\/3f4ee2ec-e52f-4d28-b578-bbe8901ef851\" target=\"_blank\" rel=\"noopener\"><b>ici<\/b><\/a><b>.<\/b><\/p>\n<p><img decoding=\"async\" src=\"https:\/\/www.europesays.com\/fr\/wp-content\/uploads\/2025\/11\/1764000452_838_thumbnail.jpg\" alt=\"\" data-id=\"\"\/>Arnaud, le petit-ami de Lily (Star Academy 2025), aux auditions de The Voice en 2023\u00a0Capture TF1+            <\/p>\n","protected":false},"excerpt":{"rendered":"Ce vendredi 21 novembre, Lily a eu la surprise de voir appara\u00eetre son petit ami Arnaud sur le&hellip;\n","protected":false},"author":2,"featured_media":555700,"comment_status":"","ping_status":"","sticky":false,"template":"","format":"standard","meta":{"footnotes":""},"categories":[1356],"tags":[244,58,59,1011,27,67092,10827,67336,252,199,1364],"class_list":{"0":"post-555699","1":"post","2":"type-post","3":"status-publish","4":"format-standard","5":"has-post-thumbnail","7":"category-television","8":"tag-commentaire","9":"tag-divertissement","10":"tag-entertainment","11":"tag-fr","12":"tag-france","13":"tag-lily-star-academy-2025","14":"tag-nikos-aliagas","15":"tag-star-academy-le-prime","16":"tag-television","17":"tag-tf1","18":"tag-tv"},"share_on_mastodon":{"url":"https:\/\/pubeurope.com\/@fr\/115605541194569560","error":""},"_links":{"self":[{"href":"https:\/\/www.europesays.com\/fr\/wp-json\/wp\/v2\/posts\/555699","targetHints":{"allow":["GET"]}}],"collection":[{"href":"https:\/\/www.europesays.com\/fr\/wp-json\/wp\/v2\/posts"}],"about":[{"href":"https:\/\/www.europesays.com\/fr\/wp-json\/wp\/v2\/types\/post"}],"author":[{"embeddable":true,"href":"https:\/\/www.europesays.com\/fr\/wp-json\/wp\/v2\/users\/2"}],"replies":[{"embeddable":true,"href":"https:\/\/www.europesays.com\/fr\/wp-json\/wp\/v2\/comments?post=555699"}],"version-history":[{"count":0,"href":"https:\/\/www.europesays.com\/fr\/wp-json\/wp\/v2\/posts\/555699\/revisions"}],"wp:featuredmedia":[{"embeddable":true,"href":"https:\/\/www.europesays.com\/fr\/wp-json\/wp\/v2\/media\/555700"}],"wp:attachment":[{"href":"https:\/\/www.europesays.com\/fr\/wp-json\/wp\/v2\/media?parent=555699"}],"wp:term":[{"taxonomy":"category","embeddable":true,"href":"https:\/\/www.europesays.com\/fr\/wp-json\/wp\/v2\/categories?post=555699"},{"taxonomy":"post_tag","embeddable":true,"href":"https:\/\/www.europesays.com\/fr\/wp-json\/wp\/v2\/tags?post=555699"}],"curies":[{"name":"wp","href":"https:\/\/api.w.org\/{rel}","templated":true}]}}