{"id":555713,"date":"2025-11-24T16:14:18","date_gmt":"2025-11-24T16:14:18","guid":{"rendered":"https:\/\/www.europesays.com\/fr\/555713\/"},"modified":"2025-11-24T16:14:18","modified_gmt":"2025-11-24T16:14:18","slug":"livret-a-ldds-coup-de-frein-record-pour-lepargne-reglementee-en-octobre-24-11-2025-a-1609","status":"publish","type":"post","link":"https:\/\/www.europesays.com\/fr\/555713\/","title":{"rendered":"Livret A, LDDS : coup de frein record pour l&rsquo;\u00e9pargne r\u00e9glement\u00e9e en octobre &#8211; 24\/11\/2025 \u00e0 16:09"},"content":{"rendered":"<p> Ce net recul est li\u00e9 \u00e0 la diminution du taux de r\u00e9mun\u00e9ration de ces deux livrets, men\u00e9e en deux actes au cours de l&rsquo;ann\u00e9e \u00e9coul\u00e9e.<\/p>\n<p>        <img decoding=\"async\" src=\"https:\/\/www.europesays.com\/fr\/wp-content\/uploads\/2025\/11\/ad6933f2b2a6b6a8789c1d02bc9f05e0-760x507.jpg\" alt=\"( AFP \/ DENIS CHARLET )\" loading=\"eager\" fetchpriority=\"high\" width=\"760\" height=\"507\" style=\"max-width: 100%!important; height: auto;\"\/><\/p>\n<p class=\"c-image-news__legend\">( AFP \/ DENIS CHARLET )<\/p>\n<p>\n Les \u00e9pargnants ont retir\u00e9 5 milliards d&rsquo;euros de plus qu&rsquo;ils n&rsquo;en ont d\u00e9pos\u00e9 sur leurs Livrets A et livrets de d\u00e9veloppement durable et solidaire (LDDS) en octobre, selon les donn\u00e9es publi\u00e9es lundi 24 novembre par la Caisse des d\u00e9p\u00f4ts (CDC).<br \/>\n <strong><br \/>\n  Ce recul de 5,10 milliards d&rsquo;euros, plus grosse d\u00e9collecte pour un mois d&rsquo;octobre, est li\u00e9 \u00e0 la baisse du taux de r\u00e9mun\u00e9ration de ces deux livrets r\u00e9glement\u00e9s qui se situait encore \u00e0 3% d\u00e9but 2025, et a \u00e9t\u00e9 ramen\u00e9 \u00e0 2,4% le 1er f\u00e9vrier, puis \u00e0 1,7% au 1er ao\u00fbt.<br \/>\n <\/strong>\n<\/p>\n<p> L&rsquo;assurance vie encore et toujours \u00e0 la f\u00eate<\/p>\n<p>\n Car les Fran\u00e7ais n&rsquo;ont pas pour autant cess\u00e9 d&rsquo;\u00e9pargner: leur taux d&rsquo;\u00e9pargne a grimp\u00e9 \u00e0 18,7% de leur revenu disponible au deuxi\u00e8me trimestre 2025, selon la Banque de France, un record depuis les ann\u00e9es 1970, hors p\u00e9riode Covid.\n<\/p>\n<p>\n <strong><br \/>\n  Les \u00e9pargnants fran\u00e7ais ont ainsi d\u00e9pos\u00e9 14,9 milliards d&rsquo;euros sur leurs contrats d&rsquo;assurance vie en septembre,<br \/>\n <\/strong><br \/>\n le plus haut niveau pour un mois de septembre, selon France Assureurs. Dans le d\u00e9tail, les \u00e9pargnants ont retir\u00e9 3,81 milliards d&rsquo;euros de plus qu&rsquo;ils n&rsquo;en ont d\u00e9pos\u00e9 sur leurs Livrets A au mois d&rsquo;octobre.\n<\/p>\n<p>\n Le LDDS, aux caract\u00e9ristiques proches du Livret A, a lui connu des retraits sup\u00e9rieurs de 1,29 milliard d&rsquo;euros aux d\u00e9p\u00f4ts sur la m\u00eame p\u00e9riode.  L\u2019encours total sur les deux produits atteint 601,7 milliards d\u2019euros \u00e0 fin octobre 2025. En octobre, la collecte nette du Livret d\u2019\u00e9pargne populaire (LEP), r\u00e9serv\u00e9 aux m\u00e9nages modestes, a \u00e9t\u00e9 elle tout juste positive avec 20 millions d\u2019euros pour l&rsquo;ensemble des r\u00e9seaux.\n<\/p>\n<p>\n L&rsquo;encours total atteint 80,7 milliards d&rsquo;euros, et n&rsquo;a pas encore retrouv\u00e9 le niveau atteint en avril avant un nombre important de fermetures au printemps pour les d\u00e9tenteurs d\u00e9passant le plafond de ressources.<\/p>\n","protected":false},"excerpt":{"rendered":"Ce net recul est li\u00e9 \u00e0 la diminution du taux de r\u00e9mun\u00e9ration de ces deux livrets, men\u00e9e en&hellip;\n","protected":false},"author":2,"featured_media":555714,"comment_status":"","ping_status":"","sticky":false,"template":"","format":"standard","meta":{"footnotes":""},"categories":[6],"tags":[400,398,408,35,405,33,34,1011,27,403,402,399,404,401,406,407],"class_list":{"0":"post-555713","1":"post","2":"type-post","3":"status-publish","4":"format-standard","5":"has-post-thumbnail","7":"category-economie","8":"tag-action-cac-40","9":"tag-bourse-de-paris","10":"tag-boursorama","11":"tag-business","12":"tag-cotations","13":"tag-economie","14":"tag-economy","15":"tag-fr","16":"tag-france","17":"tag-indices-devises","18":"tag-investir","19":"tag-investissement","20":"tag-marche-boursier","21":"tag-sicav","22":"tag-trackers","23":"tag-warrants"},"share_on_mastodon":{"url":"https:\/\/pubeurope.com\/@fr\/115605568644383858","error":""},"_links":{"self":[{"href":"https:\/\/www.europesays.com\/fr\/wp-json\/wp\/v2\/posts\/555713","targetHints":{"allow":["GET"]}}],"collection":[{"href":"https:\/\/www.europesays.com\/fr\/wp-json\/wp\/v2\/posts"}],"about":[{"href":"https:\/\/www.europesays.com\/fr\/wp-json\/wp\/v2\/types\/post"}],"author":[{"embeddable":true,"href":"https:\/\/www.europesays.com\/fr\/wp-json\/wp\/v2\/users\/2"}],"replies":[{"embeddable":true,"href":"https:\/\/www.europesays.com\/fr\/wp-json\/wp\/v2\/comments?post=555713"}],"version-history":[{"count":0,"href":"https:\/\/www.europesays.com\/fr\/wp-json\/wp\/v2\/posts\/555713\/revisions"}],"wp:featuredmedia":[{"embeddable":true,"href":"https:\/\/www.europesays.com\/fr\/wp-json\/wp\/v2\/media\/555714"}],"wp:attachment":[{"href":"https:\/\/www.europesays.com\/fr\/wp-json\/wp\/v2\/media?parent=555713"}],"wp:term":[{"taxonomy":"category","embeddable":true,"href":"https:\/\/www.europesays.com\/fr\/wp-json\/wp\/v2\/categories?post=555713"},{"taxonomy":"post_tag","embeddable":true,"href":"https:\/\/www.europesays.com\/fr\/wp-json\/wp\/v2\/tags?post=555713"}],"curies":[{"name":"wp","href":"https:\/\/api.w.org\/{rel}","templated":true}]}}