{"id":555715,"date":"2025-11-24T16:15:20","date_gmt":"2025-11-24T16:15:20","guid":{"rendered":"https:\/\/www.europesays.com\/fr\/555715\/"},"modified":"2025-11-24T16:15:20","modified_gmt":"2025-11-24T16:15:20","slug":"en-belgique-une-infirmiere-elue-dextreme-droite-possedait-17-voitures-de-luxe-grace-a-une-fraude-a-la-securite-sociale","status":"publish","type":"post","link":"https:\/\/www.europesays.com\/fr\/555715\/","title":{"rendered":"En Belgique, une infirmi\u00e8re, \u00e9lue d\u2019extr\u00eame droite, poss\u00e9dait 17\u00a0voitures de luxe gr\u00e2ce \u00e0 une fraude \u00e0 la s\u00e9curit\u00e9 sociale"},"content":{"rendered":"<p>                     <img loading=\"lazy\" decoding=\"async\" src=\"https:\/\/www.europesays.com\/fr\/wp-content\/uploads\/2025\/11\/59a9630_upload-1-diqtg8xam7g5-capture-d-e-cran-2025-11-24-a-14-07-04-copie.jpg\" alt=\"L\u2019infirmi\u00e8re belge Stefanie Sander.\"   width=\"664\" height=\"443\"\/>    L\u2019infirmi\u00e8re belge Stefanie Sander.  HUMO.BE                 <\/p>\n<p class=\"article__paragraph  \">Elle posait tout sourire devant des paysages ensoleill\u00e9s, sur un yacht, ou \u00e0 c\u00f4t\u00e9 de sa Porsche Cayenne, l\u2019une des 17 voitures de luxe saisies chez elle, lundi 17\u00a0novembre. Infirmi\u00e8re \u00e0 domicile et \u00e9lue municipale du parti d\u2019extr\u00eame droite Vlaams Belang \u00e0 Houthulst, en Flandre occidentale, Stefanie Sander conna\u00eet depuis les conditions plus rudes de la d\u00e9tention. Vingt-deux policiers ont d\u00e9barqu\u00e9 chez elle au petit matin pour saisir de l\u2019argent et des documents prouvant l\u2019arnaque \u00e0 laquelle elle se serait livr\u00e9e depuis 2017. L\u2019infirmi\u00e8re aurait factur\u00e9 frauduleusement \u00e0 l\u2019Institut national d\u2019assurance maladie-invalidit\u00e9 (Inami), la s\u00e9curit\u00e9 sociale belge, jusqu\u2019\u00e0 90\u00a0prestations quotidiennes. Ses coll\u00e8gues en d\u00e9clarent au maximum une quinzaine.<\/p>\n<p class=\"article__paragraph  \">Le Vlaams Belang, un parti qui doit en partie son succ\u00e8s \u00e0 la d\u00e9nonciation des abus de \u00ab\u00a0profiteurs wallons\u00a0\u00bb, l\u2019a suspendue de ses fonctions. Il aurait pourtant \u00e9t\u00e9 mis au courant de la fraude avant les \u00e9lections municipales d\u2019octobre\u00a02024, quand Mme\u00a0Sander a \u00e9t\u00e9 \u00e9lue conseill\u00e8re de sa commune. Localement, tout le monde constatait que son train de vie ne correspondait manifestement pas aux revenus normaux d\u2019une infirmi\u00e8re. Mais \u00ab\u00a0il existe en Belgique une sympathie tenace, une pointe d\u2019admiration m\u00eame, \u00e0 l\u2019\u00e9gard des fraudeurs. Et cela, m\u00eame lorsque ce genre de fraude \u00e9rode la prosp\u00e9rit\u00e9 du pays\u00a0\u00bb, relevait, le 21\u00a0novembre, le quotidien populaire Het Nieuwsblad.<\/p>\n<p class=\"reading-mode-only \"><strong>Il vous reste 60.75% de cet article \u00e0 lire. La suite est r\u00e9serv\u00e9e aux abonn\u00e9s.<\/strong><\/p>\n","protected":false},"excerpt":{"rendered":"L\u2019infirmi\u00e8re belge Stefanie Sander. HUMO.BE Elle posait tout sourire devant des paysages ensoleill\u00e9s, sur un yacht, ou \u00e0&hellip;\n","protected":false},"author":2,"featured_media":555716,"comment_status":"","ping_status":"","sticky":false,"template":"","format":"standard","meta":{"footnotes":""},"categories":[5],"tags":[11,1011,27,14,12,28],"class_list":{"0":"post-555715","1":"post","2":"type-post","3":"status-publish","4":"format-standard","5":"has-post-thumbnail","7":"category-international","8":"tag-actualites","9":"tag-fr","10":"tag-france","11":"tag-international","12":"tag-news","13":"tag-world"},"share_on_mastodon":{"url":"https:\/\/pubeurope.com\/@fr\/115605571626176460","error":""},"_links":{"self":[{"href":"https:\/\/www.europesays.com\/fr\/wp-json\/wp\/v2\/posts\/555715","targetHints":{"allow":["GET"]}}],"collection":[{"href":"https:\/\/www.europesays.com\/fr\/wp-json\/wp\/v2\/posts"}],"about":[{"href":"https:\/\/www.europesays.com\/fr\/wp-json\/wp\/v2\/types\/post"}],"author":[{"embeddable":true,"href":"https:\/\/www.europesays.com\/fr\/wp-json\/wp\/v2\/users\/2"}],"replies":[{"embeddable":true,"href":"https:\/\/www.europesays.com\/fr\/wp-json\/wp\/v2\/comments?post=555715"}],"version-history":[{"count":0,"href":"https:\/\/www.europesays.com\/fr\/wp-json\/wp\/v2\/posts\/555715\/revisions"}],"wp:featuredmedia":[{"embeddable":true,"href":"https:\/\/www.europesays.com\/fr\/wp-json\/wp\/v2\/media\/555716"}],"wp:attachment":[{"href":"https:\/\/www.europesays.com\/fr\/wp-json\/wp\/v2\/media?parent=555715"}],"wp:term":[{"taxonomy":"category","embeddable":true,"href":"https:\/\/www.europesays.com\/fr\/wp-json\/wp\/v2\/categories?post=555715"},{"taxonomy":"post_tag","embeddable":true,"href":"https:\/\/www.europesays.com\/fr\/wp-json\/wp\/v2\/tags?post=555715"}],"curies":[{"name":"wp","href":"https:\/\/api.w.org\/{rel}","templated":true}]}}