{"id":555717,"date":"2025-11-24T16:17:12","date_gmt":"2025-11-24T16:17:12","guid":{"rendered":"https:\/\/www.europesays.com\/fr\/555717\/"},"modified":"2025-11-24T16:17:12","modified_gmt":"2025-11-24T16:17:12","slug":"un-lyonnais-fiche-par-interpol-arrete-en-colombie-pour-blanchiment","status":"publish","type":"post","link":"https:\/\/www.europesays.com\/fr\/555717\/","title":{"rendered":"Un Lyonnais fich\u00e9 par Interpol arr\u00eat\u00e9 en Colombie pour blanchiment"},"content":{"rendered":"<p>\n    Le quadrag\u00e9naire, qui sera bient\u00f4t remis \u00e0 la justice lyonnaise, est suspect\u00e9 d\u2019appartenir \u00e0 un r\u00e9seau international de blanchiment.<\/p>\n<p class=\"fig-paragraph\">Il \u00e9tait vis\u00e9 par une\u00a0<a href=\"http:\/\/www.lefigaro.fr\/lyon\/un-ancien-elu-de-vaulx-en-velin-condamne-pour-viol-recherche-par-interpol-20251121\" data-fig-type=\"NewsFlash\" data-gtm-custom-categorie=\"navigation\" data-gtm-custom-action=\"crossclick\" data-gtm-custom-label=\"Contextuel\" data-gtm-event=\"customEventSPE\" data-fig-domain=\"LEFIGARO\" target=\"_blank\" rel=\"noopener\">notice rouge d\u2019Interpol<\/a>. Un Lyonnais de 41 ans a \u00e9t\u00e9 arr\u00eat\u00e9 \u00e0 Cali, en Colombie, par la police locale le 13 novembre, ont annonc\u00e9 les autorit\u00e9s. Il est suspect\u00e9 de blanchiment d\u2019argent dans la troisi\u00e8me ville du pays, o\u00f9 il s\u2019\u00e9tait install\u00e9 depuis plusieurs ann\u00e9es et d\u00e9tenait une salle de sport. Une proc\u00e9dure d\u2019extradition est en cours, a pr\u00e9cis\u00e9 la\u00a0<a href=\"http:\/\/www.lefigaro.fr\/lyon\/proces-de-l-influenceuse-mila-pour-un-tweet-raciste-une-peine-d-amende-avec-sursis-requise-20251022\" data-fig-type=\"NewsFlash\" data-gtm-custom-categorie=\"navigation\" data-gtm-custom-action=\"crossclick\" data-gtm-custom-label=\"Contextuel\" data-gtm-event=\"customEventSPE\" data-fig-domain=\"LEFIGARO\" target=\"_blank\" rel=\"noopener\">justice lyonnaise<\/a>\u00a0au Figaro.<\/p>\n<p class=\"fig-paragraph\">\u00abCet individu fait l\u2019objet d\u2019une enqu\u00eate pour sa participation \u00e0 un r\u00e9seau international de blanchiment d\u2019argent\u00bb, ont annonc\u00e9 les autorit\u00e9s colombiennes, pr\u00e9cisant qu\u2019il agirait en \u00e9tat de r\u00e9cidive. La presse locale \u00e9voque des flux d\u2019environ 185.000 euros ayant transit\u00e9 par plusieurs structures internationales dans le but de blanchir des fonds d\u2019origine illicite.<\/p>\n<p>                                    <a class=\"fig-a11y-skip a11y-hidden\" href=\"#fig-a11y-skip-main-inarticle\"><br \/>\n        Passer la publicit\u00e9<br \/>\n    <\/a><\/p>\n<p>Bient\u00f4t extrad\u00e9 vers Lyon<\/p>\n<p class=\"fig-paragraph\">Originaire de Lyon, o\u00f9 il travaillait auparavant dans le milieu de la nuit, le quadrag\u00e9naire avait ouvert une salle de sport de luxe dans le quartier de Los C\u00e1mbulos. Cette derni\u00e8re comportait un centre de fitness, une piscine et des terrains de foot. Elle pourrait avoir servi de fa\u00e7ade aux activit\u00e9s de blanchiment.<\/p>\n<p class=\"fig-body-link\">\n            \u00c0 lire aussi<br \/>\n        <a class=\"fig-body-link__link\" href=\"http:\/\/www.lefigaro.fr\/lyon\/pour-maintenir-le-siege-d-interpol-a-lyon-la-ville-cede-pour-un-euro-symbolique-un-terrain-estime-a-16-millions-d-euros-20250925\" data-fig-type=\"NewsFlash\" data-gtm-custom-categorie=\"navigation\" data-gtm-custom-action=\"crossclick\" data-gtm-custom-label=\"Contextuel\" data-gtm-event=\"customEventSPE\" data-fig-domain=\"LEFIGARO\" target=\"_blank\" rel=\"noopener\"><\/p>\n<p>        Pour maintenir le si\u00e8ge d\u2019Interpol \u00e0 Lyon, la ville c\u00e8de pour un euro symbolique un terrain estim\u00e9 \u00e0 16 millions d\u2019euros<br \/>\n    <\/a>\n<\/p>\n<p class=\"fig-paragraph\">La justice lyonnaise poursuit ses investigations. La presse colombienne pr\u00e9cise que le suspect est \u00e9galement vis\u00e9 pour des faits d\u2019\u00ababus de confiance\u00bb, de \u00abtravail non d\u00e9clar\u00e9\u00bb et de \u00abfraude fiscale\u00bb.<\/p>\n","protected":false},"excerpt":{"rendered":"Le quadrag\u00e9naire, qui sera bient\u00f4t remis \u00e0 la justice lyonnaise, est suspect\u00e9 d\u2019appartenir \u00e0 un r\u00e9seau international de&hellip;\n","protected":false},"author":2,"featured_media":555718,"comment_status":"","ping_status":"","sticky":false,"template":"","format":"standard","meta":{"footnotes":""},"categories":[4],"tags":[11,30064,1011,27,38823,12,25],"class_list":{"0":"post-555717","1":"post","2":"type-post","3":"status-publish","4":"format-standard","5":"has-post-thumbnail","7":"category-france","8":"tag-actualites","9":"tag-blanchiment-dargent","10":"tag-fr","11":"tag-france","12":"tag-interpol","13":"tag-news","14":"tag-republique-francaise"},"share_on_mastodon":{"url":"https:\/\/pubeurope.com\/@fr\/115605578972684624","error":""},"_links":{"self":[{"href":"https:\/\/www.europesays.com\/fr\/wp-json\/wp\/v2\/posts\/555717","targetHints":{"allow":["GET"]}}],"collection":[{"href":"https:\/\/www.europesays.com\/fr\/wp-json\/wp\/v2\/posts"}],"about":[{"href":"https:\/\/www.europesays.com\/fr\/wp-json\/wp\/v2\/types\/post"}],"author":[{"embeddable":true,"href":"https:\/\/www.europesays.com\/fr\/wp-json\/wp\/v2\/users\/2"}],"replies":[{"embeddable":true,"href":"https:\/\/www.europesays.com\/fr\/wp-json\/wp\/v2\/comments?post=555717"}],"version-history":[{"count":0,"href":"https:\/\/www.europesays.com\/fr\/wp-json\/wp\/v2\/posts\/555717\/revisions"}],"wp:featuredmedia":[{"embeddable":true,"href":"https:\/\/www.europesays.com\/fr\/wp-json\/wp\/v2\/media\/555718"}],"wp:attachment":[{"href":"https:\/\/www.europesays.com\/fr\/wp-json\/wp\/v2\/media?parent=555717"}],"wp:term":[{"taxonomy":"category","embeddable":true,"href":"https:\/\/www.europesays.com\/fr\/wp-json\/wp\/v2\/categories?post=555717"},{"taxonomy":"post_tag","embeddable":true,"href":"https:\/\/www.europesays.com\/fr\/wp-json\/wp\/v2\/tags?post=555717"}],"curies":[{"name":"wp","href":"https:\/\/api.w.org\/{rel}","templated":true}]}}