{"id":555719,"date":"2025-11-24T16:18:12","date_gmt":"2025-11-24T16:18:12","guid":{"rendered":"https:\/\/www.europesays.com\/fr\/555719\/"},"modified":"2025-11-24T16:18:12","modified_gmt":"2025-11-24T16:18:12","slug":"stade-toulousain-ahki-et-dupont-sont-dans-les-starting-blocks-de-nombreux-internationaux-pourraient-etre-laisses-au-repos","status":"publish","type":"post","link":"https:\/\/www.europesays.com\/fr\/555719\/","title":{"rendered":"Stade Toulousain\u00a0: Ahki et Dupont sont dans les starting-blocks, de nombreux internationaux pourraient \u00eatre laiss\u00e9s au repos"},"content":{"rendered":"<p>\n                                                                    l&rsquo;essentiel<br \/>\n                                                                Une bonne partie des internationaux toulousains ont \u00e9t\u00e9 laiss\u00e9s au repos et ne devraient pas participer au match face au Racing, samedi 29\u00a0novembre \u00e0 Ernest-Wallon. Une rencontre qui sera marqu\u00e9e par les adieux de Pita Ahki au Stade Toulousain.\n                            <\/p>\n<p>Apr\u00e8s le probant succ\u00e8s en terre\u00a0montalbanaise\u00a0samedi 22\u00a0novembre (49-7), le Stade Toulousain reprenait ce lundi 24\u00a0novembre, le chemin de l\u2019entra\u00eenement pour pr\u00e9parer la r\u00e9ception du Racing, samedi \u00e0 Ernest-Wallon. Une semaine marqu\u00e9e par la fin de la fen\u00eatre internationale pour de nombreux joueurs convoqu\u00e9s en s\u00e9lection. Ces derniers\u00a0ont regagn\u00e9 Toulouse\u00a0dimanche apr\u00e8s-midi, pour la plupart.<\/p>\n<p>Ceci dit, une grande partie des internationaux devraient b\u00e9n\u00e9ficier\u00a0d\u2019une semaine de cong\u00e9 et ne participeront pas au match face au club francilien. C\u2019est le cas de Dorian Aldegheri, Julien Marchand, Thibaud Flament, Anthony Jelonch, Naoto Saito, Santiago Chocobares, Blair Kinghorn, Thomas Ramos et Pierre-Louis Barassi. Juan-Cruz Mallia, qui s\u2019est gri\u00e8vement bless\u00e9 avec l\u2019Argentine est lui aussi absent et va passer de nouveau examens. Sa s\u00e9lection a annonc\u00e9 qu\u2019il souffrait d\u2019une l\u00e9sion post-traumatique du ligament ant\u00e9rieur du genou droit.<\/p>\n<p>La s\u00e9ance du jour a d\u00e9but\u00e9 avec un groupe scind\u00e9 en deux. Les avants \u00e9tant au gymnase tandis que les trois-quarts affrontaient la pluie. Antoine Dupont \u00e9tait bien pr\u00e9sent, tout comme Ange Capuozzo, de retour de s\u00e9lection. Comme lui, les internationaux Romain Ntamack, Kalvin Gourgues, Guillaume Cramont et Emmanuel Meafou. L\u2019international belge Mattias Remue a aussi pris part \u00e0 l\u2019entra\u00eenement.<\/p>\n<p>Violemment secou\u00e9 lors d\u2019un choc face \u00e0 un joueur de Montauban, le centre Paul Costes tenait sa place \u00e0 l\u2019entra\u00eenement. \u00c0 l\u2019inverse l\u2019Anglais Jack Willis qui a \u00e9t\u00e9 touch\u00e9 aux cotes \u00e0 Sapiac \u00e9tait absent (cartilage). Aucune fracture n\u2019a \u00e9t\u00e9 d\u00e9tect\u00e9e\u00a0mais il sera absent quelques semaines.<\/p>\n<p>Cette semaine va aussi \u00eatre celle d\u2019un homme\u00a0: Pita Ahki.\u00a0Ce dernier vit sa\u00a0derni\u00e8re pr\u00e9paration de match avec les couleurs \u00ab\u00a0rouge et noir\u00a0\u00bb. En effet, l\u2019exp\u00e9riment\u00e9 joueur de 33 ans va quitter le club le 1er\u00a0d\u00e9cembre prochain, pour rentrer chez lui, en Nouvelle-Z\u00e9lande\u00a0avec sa famille. Le stade Ernest-Wallon devrait lui rendre un vibrant hommage, samedi soir.<\/p>\n","protected":false},"excerpt":{"rendered":"l&rsquo;essentiel Une bonne partie des internationaux toulousains ont \u00e9t\u00e9 laiss\u00e9s au repos et ne devraient pas participer au&hellip;\n","protected":false},"author":2,"featured_media":555720,"comment_status":"","ping_status":"","sticky":false,"template":"","format":"standard","meta":{"footnotes":""},"categories":[2],"tags":[11,1011,27,12],"class_list":{"0":"post-555719","1":"post","2":"type-post","3":"status-publish","4":"format-standard","5":"has-post-thumbnail","7":"category-actualites","8":"tag-actualites","9":"tag-fr","10":"tag-france","11":"tag-news"},"share_on_mastodon":{"url":"https:\/\/pubeurope.com\/@fr\/115605582887706445","error":""},"_links":{"self":[{"href":"https:\/\/www.europesays.com\/fr\/wp-json\/wp\/v2\/posts\/555719","targetHints":{"allow":["GET"]}}],"collection":[{"href":"https:\/\/www.europesays.com\/fr\/wp-json\/wp\/v2\/posts"}],"about":[{"href":"https:\/\/www.europesays.com\/fr\/wp-json\/wp\/v2\/types\/post"}],"author":[{"embeddable":true,"href":"https:\/\/www.europesays.com\/fr\/wp-json\/wp\/v2\/users\/2"}],"replies":[{"embeddable":true,"href":"https:\/\/www.europesays.com\/fr\/wp-json\/wp\/v2\/comments?post=555719"}],"version-history":[{"count":0,"href":"https:\/\/www.europesays.com\/fr\/wp-json\/wp\/v2\/posts\/555719\/revisions"}],"wp:featuredmedia":[{"embeddable":true,"href":"https:\/\/www.europesays.com\/fr\/wp-json\/wp\/v2\/media\/555720"}],"wp:attachment":[{"href":"https:\/\/www.europesays.com\/fr\/wp-json\/wp\/v2\/media?parent=555719"}],"wp:term":[{"taxonomy":"category","embeddable":true,"href":"https:\/\/www.europesays.com\/fr\/wp-json\/wp\/v2\/categories?post=555719"},{"taxonomy":"post_tag","embeddable":true,"href":"https:\/\/www.europesays.com\/fr\/wp-json\/wp\/v2\/tags?post=555719"}],"curies":[{"name":"wp","href":"https:\/\/api.w.org\/{rel}","templated":true}]}}