{"id":555723,"date":"2025-11-24T16:20:27","date_gmt":"2025-11-24T16:20:27","guid":{"rendered":"https:\/\/www.europesays.com\/fr\/555723\/"},"modified":"2025-11-24T16:20:27","modified_gmt":"2025-11-24T16:20:27","slug":"ce-depart-qui-fait-trembler-lasse","status":"publish","type":"post","link":"https:\/\/www.europesays.com\/fr\/555723\/","title":{"rendered":"Ce d\u00e9part qui fait trembler l\u2019ASSE"},"content":{"rendered":"<p><b>Le mercato hivernal sera crucial pour l\u2019ASSE, qui esp\u00e8re se renforcer mais qui va surtout faire le maximum pour ne pas perdre ses meilleurs \u00e9l\u00e9ments. Le cas de Lucas Stassin est par exemple un enjeu majeur.<\/b><\/p>\n<p>Deuxi\u00e8me de Ligue 2 apr\u00e8s sa victoire contre Nancy ce week-end (2-1), <a href=\"https:\/\/www.foot01.com\/st-etienne\/asse-il-detruit-kilmer-sports-et-eirik-horneland\" target=\"_self\" rel=\"noopener\">l\u2019AS Saint-Etienne s\u2019est repositionn\u00e9e dans la course \u00e0 la mont\u00e9e<\/a>. Les Verts ont deux points de retard sur Troyes mais cette deuxi\u00e8me victoire de suite en Ligue 2 leur permet de reprendre leur marche en avant. De quoi satisfaire Eirik Horneland alors que le mercato hivernal approche. L\u2019entra\u00eeneur st\u00e9phanois esp\u00e8re voir un ou deux renforts d\u00e9barquer, mais il ne s\u2019agira pas du seul enjeu. Et pour cause, l\u2019ASSE va \u00e9galement devoir poser les barbel\u00e9s autour de Lucas Stassin.<\/p>\n<p>L\u2019attaquant belge, auteur de 4 buts et 3 passes d\u00e9cisives depuis le d\u00e9but de la saison en Ligue 2, a toujours des envies d\u2019ailleurs. Le voir rester \u00e0 Saint-Etienne est n\u00e9anmoins d\u00e9terminant pour Arnaud Nordin. L\u2019ancien ailier des Verts estime que ce dossier doit \u00eatre la priorit\u00e9 absolue de Kilmer Sport lors du mois de janvier. \u00ab\u00a0Je pense que c\u2019est un super joueur, un vrai num\u00e9ro 9, capable de marquer et de faire marquer. Avec le ballon, il est tr\u00e8s bon, pied droit, pied gauche. De la t\u00eate aussi. C\u2019est leur num\u00e9ro 9, leur attaquant, leur joueur star. J\u2019esp\u00e8re pour eux qu\u2019il va rester au mercato hivernal parce que je pense qu\u2019il peut vraiment les aider \u00e0 remonter\u00a0\u00bb a\u00a0 analys\u00e9 sur Top Mercato celui qui porte \u00e0 pr\u00e9sent les couleurs de Mayence et qui garde un regard attentif sur l\u2019actualit\u00e9 de l\u2019AS Saint-Etienne.<\/p>\n<p>Les supporters st\u00e9phanois seront certainement d\u2019accord avec Arnaud Nordin. Conserver dans l\u2019effectif Lucas Stassin doit \u00eatre une priorit\u00e9 pour les Verts, qui esp\u00e8rent atteindre leur objectif de remonter en Ligue 1 \u00e0 la fin de la saison. Le buteur belge ne l\u2019entend lui pas de cette oreille et esp\u00e8re toujours revenir dans un championnat du top 5 europ\u00e9en pour la seconde partie de saison afin d\u2019augmenter ses chances de disputer la Coupe du monde 2026 avec la Belgique de Rudi Garcia.<\/p>\n","protected":false},"excerpt":{"rendered":"Le mercato hivernal sera crucial pour l\u2019ASSE, qui esp\u00e8re se renforcer mais qui va surtout faire le maximum&hellip;\n","protected":false},"author":2,"featured_media":555724,"comment_status":"","ping_status":"","sticky":false,"template":"","format":"standard","meta":{"footnotes":""},"categories":[9653],"tags":[1111,11,461,2430,1777,674,1011,27,12,25,4001],"class_list":{"0":"post-555723","1":"post","2":"type-post","3":"status-publish","4":"format-standard","5":"has-post-thumbnail","7":"category-saint-etienne","8":"tag-actu","9":"tag-actualites","10":"tag-asse","11":"tag-auvergne-rhone-alpes","12":"tag-eu","13":"tag-europe","14":"tag-fr","15":"tag-france","16":"tag-news","17":"tag-republique-francaise","18":"tag-saint-etienne"},"share_on_mastodon":{"url":"https:\/\/pubeurope.com\/@fr\/115605590699819327","error":""},"_links":{"self":[{"href":"https:\/\/www.europesays.com\/fr\/wp-json\/wp\/v2\/posts\/555723","targetHints":{"allow":["GET"]}}],"collection":[{"href":"https:\/\/www.europesays.com\/fr\/wp-json\/wp\/v2\/posts"}],"about":[{"href":"https:\/\/www.europesays.com\/fr\/wp-json\/wp\/v2\/types\/post"}],"author":[{"embeddable":true,"href":"https:\/\/www.europesays.com\/fr\/wp-json\/wp\/v2\/users\/2"}],"replies":[{"embeddable":true,"href":"https:\/\/www.europesays.com\/fr\/wp-json\/wp\/v2\/comments?post=555723"}],"version-history":[{"count":0,"href":"https:\/\/www.europesays.com\/fr\/wp-json\/wp\/v2\/posts\/555723\/revisions"}],"wp:featuredmedia":[{"embeddable":true,"href":"https:\/\/www.europesays.com\/fr\/wp-json\/wp\/v2\/media\/555724"}],"wp:attachment":[{"href":"https:\/\/www.europesays.com\/fr\/wp-json\/wp\/v2\/media?parent=555723"}],"wp:term":[{"taxonomy":"category","embeddable":true,"href":"https:\/\/www.europesays.com\/fr\/wp-json\/wp\/v2\/categories?post=555723"},{"taxonomy":"post_tag","embeddable":true,"href":"https:\/\/www.europesays.com\/fr\/wp-json\/wp\/v2\/tags?post=555723"}],"curies":[{"name":"wp","href":"https:\/\/api.w.org\/{rel}","templated":true}]}}