{"id":555727,"date":"2025-11-24T16:23:11","date_gmt":"2025-11-24T16:23:11","guid":{"rendered":"https:\/\/www.europesays.com\/fr\/555727\/"},"modified":"2025-11-24T16:23:11","modified_gmt":"2025-11-24T16:23:11","slug":"saint-nicolas-a-nancy-les-maneges-du-parc-de-la-pepiniere-seront-gratuits-pendant-une-journee-voici-laquelle","status":"publish","type":"post","link":"https:\/\/www.europesays.com\/fr\/555727\/","title":{"rendered":"Saint-Nicolas \u00e0 Nancy. Les man\u00e8ges du parc de la P\u00e9pini\u00e8re seront gratuits pendant une journ\u00e9e, voici laquelle"},"content":{"rendered":"<p>                    Par<br \/>\n        <strong><br \/>\n            <a href=\"https:\/\/actu.fr\/auteur\/amandine-mehl\" title=\"Consulter tous les articles de Amandine Mehl\" target=\"_blank\" rel=\"noopener\">Amandine Mehl<\/a><br \/>\n                    <\/strong><\/p>\n<p>        Publi\u00e9 le<\/p>\n<p>            24 nov. 2025 \u00e0 16h13        <\/p>\n<p>Lanc\u00e9es le <a href=\"https:\/\/actu.fr\/grand-est\/nancy_54395\/les-fetes-de-saint-nicolas-seront-inaugurees-vendredi-a-nancy-voici-le-programme_63432773.html\" target=\"_blank\" rel=\"noopener\">vendredi<\/a> 21 novembre, les F\u00eates de <a href=\"https:\/\/actu.fr\/tag\/saint-nicolas\" target=\"_blank\" rel=\"noopener\">Saint-Nicolas<\/a> se d\u00e9rouleront jusqu\u2019au 4 janvier 2026 \u00e0 Nancy.<\/p>\n<p class=\" wall-content\">\u00c0 cette occasion, et pour<strong> c\u00e9l\u00e9brer le saint patron<\/strong> comme il se doit, les forains du <a href=\"https:\/\/actu.fr\/tag\/parc-de-la-pepiniere\" target=\"_blank\" rel=\"noopener\">parc de la P\u00e9pini\u00e8re<\/a> ont pr\u00e9vu de rendre l\u2019acc\u00e8s aux <strong>man\u00e8ges<\/strong> gratuit durant une journ\u00e9e. Voici quand.<\/p>\n<p>Gratuit\u00e9 des man\u00e8ges et des mus\u00e9es<\/p>\n<p class=\" wall-content\">Le 6 d\u00e9cembre, jour du <a href=\"https:\/\/actu.fr\/grand-est\/nancy_54395\/fetes-de-saint-nicolas-a-nancy-voici-tout-ce-qu-il-faut-savoir-sur-le-defile-2025_63458728.html\" target=\"_blank\" rel=\"noopener\">d\u00e9fil\u00e9<\/a>, les forains du parc de la P\u00e9pini\u00e8re participeront \u00e0 la f\u00eate en rendant <strong>gratuit<\/strong> l\u2019acc\u00e8s aux man\u00e8ges de <strong>14h \u00e0 18h<\/strong>.<\/p>\n<p class=\" wall-content\">En parall\u00e8le, les <strong>mus\u00e9es<\/strong> de la Ville de Nancy et de la M\u00e9tropole du Grand Nancy accueilleront eux aussi le public gratuitement.<\/p>\n<p class=\" wall-content\">Deux <a href=\"https:\/\/actu.fr\/tag\/bons-plans-a-nancy\" target=\"_blank\" rel=\"noopener\">bons plans<\/a>, sans oublier la tourn\u00e9e des <a href=\"https:\/\/actu.fr\/grand-est\/nancy_54395\/fetes-de-saint-nicolas-a-nancy-decouvrez-les-villages-annonces-pour-2025_63421948.html\" target=\"_blank\" rel=\"noopener\">diff\u00e9rents villages<\/a>, pour passer le temps, tout en s\u2019amusant, avant le top d\u00e9part du d\u00e9fil\u00e9.<\/p>\n<p class=\" wall-content\">Personnalisez votre actualit\u00e9 en ajoutant vos villes et m\u00e9dias en favori avec <a href=\"https:\/\/moncompte.actu.fr\" title=\"D\u00e9couvez Mon Actu\" rel=\"nofollow noopener\" data-trk=\"{&quot;cta&quot;:{&quot;action&quot;:&quot;https:\\\/\\\/moncompte.actu.fr&quot;,&quot;category&quot;:&quot;mon compte&quot;,&quot;from&quot;:&quot;article footer&quot;,&quot;name&quot;:&quot;Mon actu&quot;,&quot;type&quot;:&quot;cta&quot;}}\" target=\"_blank\">Mon Actu<\/a>.<\/p>\n","protected":false},"excerpt":{"rendered":"Par Amandine Mehl Publi\u00e9 le 24 nov. 2025 \u00e0 16h13 Lanc\u00e9es le vendredi 21 novembre, les F\u00eates de&hellip;\n","protected":false},"author":2,"featured_media":555728,"comment_status":"","ping_status":"","sticky":false,"template":"","format":"standard","meta":{"footnotes":""},"categories":[9635],"tags":[1111,11,11226,1777,674,1011,27,775,1702,12,11014,25,14334,104],"class_list":{"0":"post-555727","1":"post","2":"type-post","3":"status-publish","4":"format-standard","5":"has-post-thumbnail","7":"category-nancy","8":"tag-actu","9":"tag-actualites","10":"tag-bons-plans-a-nancy","11":"tag-eu","12":"tag-europe","13":"tag-fr","14":"tag-france","15":"tag-grand-est","16":"tag-nancy","17":"tag-news","18":"tag-parc-de-la-pepiniere","19":"tag-republique-francaise","20":"tag-saint-nicolas","21":"tag-societe"},"share_on_mastodon":{"url":"https:\/\/pubeurope.com\/@fr\/115605602565329273","error":""},"_links":{"self":[{"href":"https:\/\/www.europesays.com\/fr\/wp-json\/wp\/v2\/posts\/555727","targetHints":{"allow":["GET"]}}],"collection":[{"href":"https:\/\/www.europesays.com\/fr\/wp-json\/wp\/v2\/posts"}],"about":[{"href":"https:\/\/www.europesays.com\/fr\/wp-json\/wp\/v2\/types\/post"}],"author":[{"embeddable":true,"href":"https:\/\/www.europesays.com\/fr\/wp-json\/wp\/v2\/users\/2"}],"replies":[{"embeddable":true,"href":"https:\/\/www.europesays.com\/fr\/wp-json\/wp\/v2\/comments?post=555727"}],"version-history":[{"count":0,"href":"https:\/\/www.europesays.com\/fr\/wp-json\/wp\/v2\/posts\/555727\/revisions"}],"wp:featuredmedia":[{"embeddable":true,"href":"https:\/\/www.europesays.com\/fr\/wp-json\/wp\/v2\/media\/555728"}],"wp:attachment":[{"href":"https:\/\/www.europesays.com\/fr\/wp-json\/wp\/v2\/media?parent=555727"}],"wp:term":[{"taxonomy":"category","embeddable":true,"href":"https:\/\/www.europesays.com\/fr\/wp-json\/wp\/v2\/categories?post=555727"},{"taxonomy":"post_tag","embeddable":true,"href":"https:\/\/www.europesays.com\/fr\/wp-json\/wp\/v2\/tags?post=555727"}],"curies":[{"name":"wp","href":"https:\/\/api.w.org\/{rel}","templated":true}]}}