{"id":555737,"date":"2025-11-24T16:28:14","date_gmt":"2025-11-24T16:28:14","guid":{"rendered":"https:\/\/www.europesays.com\/fr\/555737\/"},"modified":"2025-11-24T16:28:14","modified_gmt":"2025-11-24T16:28:14","slug":"la-ville-de-rouen-aura-t-elle-les-pieds-dans-leau-en-2100-ce-quon-voit-la-cest-si-on-ne-fait-rien-dici-la","status":"publish","type":"post","link":"https:\/\/www.europesays.com\/fr\/555737\/","title":{"rendered":"La ville de Rouen aura-t-elle les pieds dans l\u2019eau en 2100\u00a0? \u00ab\u00a0Ce qu\u2019on voit l\u00e0, c\u2019est si on ne fait rien d\u2019ici l\u00e0\u00a0\u00bb"},"content":{"rendered":"<p class=\"paragraph text_align_left lp-f-body-02\">En 2100, avec une \u00e9l\u00e9vation du niveau de la mer estim\u00e9e par le Giec tournant autour d\u2019un m\u00e8tre, <a href=\"https:\/\/www.leparisien.fr\/seine-maritime-76\/la-vallee-de-la-seine-sous-haute-surveillance-04-03-2022-RPGU24TKSBEPLFVMAYLAP2D63E.php\" target=\"_blank\" rel=\"noreferrer noopener\">la ville de Rouen (Seine-Maritime) risque-t-elle d\u2019\u00eatre inond\u00e9e<\/a> en cas de forte crue ? \u00c0 voir la courte vid\u00e9o r\u00e9alis\u00e9e et mise en ligne par Julien R\u00e9veillon d\u00e9but octobre 2025 le doute n\u2019est pas permis. On peut y voir les quais de Seine, l\u2019\u00eele Lacroix et une large partie de la rive gauche \u2013 o\u00f9 pourrait \u00eatre install\u00e9e la future gare SNCF rouennaise \u2013 recouverts par les flots.<\/p>\n<p class=\"paragraph text_align_left lp-f-body-02\">Enseignant-chercheur en simulation num\u00e9rique des fluides, le vice-pr\u00e9sident Transitions environnementales et soci\u00e9tales \u00e0 l\u2019universit\u00e9 de Rouen n\u2019a rien invent\u00e9 : \u00ab Je me suis simplement servi de donn\u00e9es qui sont accessibles \u00e0 tous. Celles <a href=\"https:\/\/www.leparisien.fr\/environnement\/climat\/changement-climatique-pourquoi-on-parle-de-decennie-cruciale-27-12-2023-ECRGC7OPZFC6TGLZUOWAUKUF4Y.php\" target=\"_blank\" rel=\"noreferrer noopener\">du Giec<\/a> normand notamment et du BRGM (Bureau de recherches g\u00e9ologiques et mini\u00e8res, NDLR). Et j\u2019ai reproduit en images ce qu\u2019indiquent ces cartes et ces graphiques qui ne sont pas forc\u00e9ment parlants pour le grand public. \u00bb<\/p>\n<p class=\"paragraph text_align_left lp-f-body-02\">Le r\u00e9sultat est saisissant. \u00c0 tel point que, sur les r\u00e9seaux sociaux, certains n\u2019h\u00e9sitent pas \u00e0 trouver la vid\u00e9o trop alarmiste. \u00ab Ce n\u2019est pas mon but \u00bb, assure Julien R\u00e9veillon. \u00ab Ce qu\u2019on voit l\u00e0, c\u2019est si on ne fait rien d\u2019ici l\u00e0. \u00bb<\/p>\n<p>Plus d\u2019impact qu\u2019un rapport de 4 000 pages<\/p>\n<p class=\"paragraph text_align_left lp-f-body-02\">Mais, selon lui, la r\u00e9alit\u00e9 scientifique ne peut \u00eatre ni\u00e9e. \u00ab <a href=\"https:\/\/www.leparisien.fr\/environnement\/climat\/94-cm-depuis-1993-la-hausse-du-niveau-des-oceans-a-fait-un-bond-entre-2022-et-2023-21-03-2024-BHJE4TUFTBBEZCY56LTO6NAV7Y.php\" target=\"_blank\" rel=\"noreferrer noopener\">La mont\u00e9e des eaux de la mer, c\u2019est un fait<\/a> en lien avec le r\u00e9chauffement climatique. Avec un double ph\u00e9nom\u00e8ne : celui de <a href=\"https:\/\/www.leparisien.fr\/isere-38\/une-forme-de-delinquance-environnementale-aux-deux-alpes-un-ecosysteme-unique-remblaye-a-coups-de-pelleteuse-14-11-2025-3LKIQEC5WZE2TAVOAMGUGHNQDU.php\" target=\"_blank\" rel=\"noreferrer noopener\">la fonte des glaces<\/a>, qu\u2019on peut tous constater \u00e0 la montagne, et au niveau des p\u00f4les avec <a href=\"https:\/\/www.leparisien.fr\/environnement\/la-fonte-des-glaciers-saccelere-fortement-alerte-une-vaste-etude-mondiale-19-02-2025-CBPMPYPS5VA6ZA3326AUV6EOWQ.php\" target=\"_blank\" rel=\"noreferrer noopener\">celle des calottes glaciaires<\/a>. Puis une r\u00e9alit\u00e9 physique : en se r\u00e9chauffant, l\u2019eau de la mer se dilate et occupe plus de volume \u00bb, pr\u00e9cise-t-il. Avec, en cas de ph\u00e9nom\u00e8ne climatique extr\u00eame, des cons\u00e9quences jusque dans les rues des villes de la vall\u00e9e de la Seine.<\/p>\n<p class=\"paragraph text_align_left lp-f-body-02\">\u00ab On peut choisir de tuer le messager, mais le message existe \u00bb, continue l\u2019universitaire, persuad\u00e9 d\u2019avoir un r\u00f4le \u00e0 jouer dans la transmission de la culture scientifique pour le plus grand nombre. \u00ab Un rapport de 4 000 pages consult\u00e9s uniquement par quelques sp\u00e9cialistes \u00e9clair\u00e9s, \u00e7a n\u2019a pas beaucoup d\u2019impact sur la soci\u00e9t\u00e9 au sens large du terme. J\u2019ai le sentiment qu\u2019un chercheur doit aussi essayer d\u2019aller plus loin en pr\u00e9sentant de fa\u00e7on p\u00e9dagogique et concr\u00e8te le r\u00e9sultat de son travail \u00e0 ceux qui pourraient \u00eatre int\u00e9ress\u00e9s dans un contexte o\u00f9 la v\u00e9rit\u00e9 scientifique est r\u00e9guli\u00e8rement remise en cause. \u00bb<\/p>\n<p class=\"paragraph text_align_left lp-f-body-02\">Un \u00e9tat d\u2019esprit qui l\u2019a d\u2019ailleurs conduit \u00e0 imaginer des conf\u00e9rences illustr\u00e9es sur la th\u00e9matique du changement climatique et de la mont\u00e9e des eaux aussi bien pour le jeune public que pour les adultes.<\/p>\n<p class=\"paragraph text_align_left lp-f-body-02\">Cette fois, sa courte vid\u00e9o avait pour but de donner un coup de projecteur \u00e0 un \u00e9v\u00e9nement organis\u00e9 par l\u2019universit\u00e9 de Rouen, les Rencontres Climat et multirisque, qui ont eu lieu du 19 au 21 novembre dernier. \u00ab L\u2019id\u00e9e de ce rendez-vous est de montrer que le changement climatique \u00e0 des cons\u00e9quences dans de multiples domaines et que les risques sont li\u00e9s entre eux alors qu\u2019on a plut\u00f4t l\u2019habitude de les traiter un par un sans forc\u00e9ment les associer \u00bb, r\u00e9sume Julien R\u00e9veillon.<\/p>\n","protected":false},"excerpt":{"rendered":"En 2100, avec une \u00e9l\u00e9vation du niveau de la mer estim\u00e9e par le Giec tournant autour d\u2019un m\u00e8tre,&hellip;\n","protected":false},"author":2,"featured_media":555738,"comment_status":"","ping_status":"","sticky":false,"template":"","format":"standard","meta":{"footnotes":""},"categories":[9587],"tags":[1111,917,11,459,1777,674,1011,27,3746,12,5161,25,9590,11074],"class_list":{"0":"post-555737","1":"post","2":"type-post","3":"status-publish","4":"format-standard","5":"has-post-thumbnail","7":"category-rouen","8":"tag-actu","9":"tag-actu-locale","10":"tag-actualites","11":"tag-departements-horsidfo","12":"tag-eu","13":"tag-europe","14":"tag-fr","15":"tag-france","16":"tag-futurs","17":"tag-news","18":"tag-normandie","19":"tag-republique-francaise","20":"tag-rouen","21":"tag-seine-maritime-76"},"share_on_mastodon":{"url":"https:\/\/pubeurope.com\/@fr\/115605622345887458","error":""},"_links":{"self":[{"href":"https:\/\/www.europesays.com\/fr\/wp-json\/wp\/v2\/posts\/555737","targetHints":{"allow":["GET"]}}],"collection":[{"href":"https:\/\/www.europesays.com\/fr\/wp-json\/wp\/v2\/posts"}],"about":[{"href":"https:\/\/www.europesays.com\/fr\/wp-json\/wp\/v2\/types\/post"}],"author":[{"embeddable":true,"href":"https:\/\/www.europesays.com\/fr\/wp-json\/wp\/v2\/users\/2"}],"replies":[{"embeddable":true,"href":"https:\/\/www.europesays.com\/fr\/wp-json\/wp\/v2\/comments?post=555737"}],"version-history":[{"count":0,"href":"https:\/\/www.europesays.com\/fr\/wp-json\/wp\/v2\/posts\/555737\/revisions"}],"wp:featuredmedia":[{"embeddable":true,"href":"https:\/\/www.europesays.com\/fr\/wp-json\/wp\/v2\/media\/555738"}],"wp:attachment":[{"href":"https:\/\/www.europesays.com\/fr\/wp-json\/wp\/v2\/media?parent=555737"}],"wp:term":[{"taxonomy":"category","embeddable":true,"href":"https:\/\/www.europesays.com\/fr\/wp-json\/wp\/v2\/categories?post=555737"},{"taxonomy":"post_tag","embeddable":true,"href":"https:\/\/www.europesays.com\/fr\/wp-json\/wp\/v2\/tags?post=555737"}],"curies":[{"name":"wp","href":"https:\/\/api.w.org\/{rel}","templated":true}]}}