{"id":555739,"date":"2025-11-24T16:29:19","date_gmt":"2025-11-24T16:29:19","guid":{"rendered":"https:\/\/www.europesays.com\/fr\/555739\/"},"modified":"2025-11-24T16:29:19","modified_gmt":"2025-11-24T16:29:19","slug":"les-trains-vont-avoir-du-retard-sur-la-ligne-le-havre-rouen","status":"publish","type":"post","link":"https:\/\/www.europesays.com\/fr\/555739\/","title":{"rendered":"Les trains vont avoir du retard sur la ligne Le Havre &#8211; Rouen"},"content":{"rendered":"<p>                    Par<br \/>\n        <strong><br \/>\n            <a href=\"https:\/\/actu.fr\/auteur\/julien-bouteiller\" title=\"Consulter tous les articles de Julien Bouteiller\" target=\"_blank\" rel=\"noopener\">Julien Bouteiller<\/a><br \/>\n                    <\/strong><\/p>\n<p>        Publi\u00e9 le<\/p>\n<p>            24 nov. 2025 \u00e0 16h52<br \/>\n        ; mis \u00e0 jour le 24 nov. 2025 \u00e0 17h13    <\/p>\n<p><strong>Mise \u00e0 jour \u00e0 17h10.\u00a0<\/strong>La SNCF annonce d\u00e9sormais la suppression de plusieurs trains sur la ligne Paris \u2013 Rouen \u2013 Le Havre.\u00a0<\/p>\n<p class=\" wall-content\">\n<p class=\" wall-content\">Les voyageurs vont (encore) devoir <strong>s\u2019armer de patience<\/strong> en cette fin de journ\u00e9e. Ce lundi 24 novembre 2025, <strong>un incident provoque d\u2019importants retards<\/strong> sur la ligne <a href=\"https:\/\/actu.fr\/tag\/sncf\" target=\"_blank\" rel=\"noopener\">SNCF<\/a> entre Paris, Rouen et Le Havre. <strong>La circulation des trains a \u00e9t\u00e9 interrompue<\/strong> \u00e0 partir de 16h35.<\/p>\n<p>Pourquoi les trains ne circulent plus entre Paris, Rouen et Le Havre<\/p>\n<p class=\" wall-content\">En cause selon Nomad (qui op\u00e8re les trains r\u00e9gionaux), le \u00ab\u00a0heurt <strong>entre un camion et un pont-rail<\/strong> entre Pont-de-l\u2019Arche et Oissel\u00a0\u00bb.\u00a0<\/p>\n<p class=\" wall-content\">En cons\u00e9quence, le trafic est pour l\u2019heure<strong> interrompu dans les deux sens<\/strong>, le temps que les \u00e9quipes techniques se rendent sur place. <strong>\u00ab\u00a0L\u2019heure de reprise est estim\u00e9e \u00e0 18h.\u00a0\u00bb<\/strong><\/p>\n<p class=\" wall-content\">\n<p class=\" wall-content\">Pour le moment, une heure de retard est estim\u00e9e en gare de Rouen pour les trains provenant de Paris et Elbeuf. Des retards d\u2019une heure sont \u00e9galement annonc\u00e9s au d\u00e9part de Rouen vers Marseille, Le Havre et Yvetot.\u00a0<\/p>\n<p class=\" wall-content\">Idem au Havre, o\u00f9 les trains provenant ou en direction de Paris sont annonc\u00e9s avec une heure de retard.\u00a0<\/p>\n<p>Vid\u00e9os : en ce moment sur ActuSuivez l\u2019actualit\u00e9 de Rouen <a href=\"https:\/\/www.whatsapp.com\/channel\/0029VaKfnf99hXF2ddApFB1D\" target=\"_blank\" rel=\"noopener\">sur notre cha\u00eene WhatsApp<\/a> et <a href=\"https:\/\/www.tiktok.com\/@76actu.fr?lang=fr\" target=\"_blank\" rel=\"noopener\">sur notre compte TikTok<\/a>Suivez l\u2019actualit\u00e9 du Havre <a href=\"https:\/\/www.whatsapp.com\/channel\/0029VaFqJYE8aKvLBwVrEe0o\" target=\"_blank\" rel=\"noopener\">sur notre cha\u00eene WhatsApp<\/a> et <a href=\"https:\/\/www.tiktok.com\/@76actu.fr?lang=fr\" target=\"_blank\" rel=\"noopener\">sur notre compte TikTok<\/a><\/p>\n<p class=\" wall-content\">Personnalisez votre actualit\u00e9 en ajoutant vos villes et m\u00e9dias en favori avec <a href=\"https:\/\/moncompte.actu.fr\" title=\"D\u00e9couvez Mon Actu\" rel=\"nofollow noopener\" data-trk=\"{&quot;cta&quot;:{&quot;action&quot;:&quot;https:\\\/\\\/moncompte.actu.fr&quot;,&quot;category&quot;:&quot;mon compte&quot;,&quot;from&quot;:&quot;article footer&quot;,&quot;name&quot;:&quot;Mon actu&quot;,&quot;type&quot;:&quot;cta&quot;}}\" target=\"_blank\">Mon Actu<\/a>.<\/p>\n<p>                    <script async src=\"\/\/www.tiktok.com\/embed.js\"><\/script><\/p>\n","protected":false},"excerpt":{"rendered":"Par Julien Bouteiller Publi\u00e9 le 24 nov. 2025 \u00e0 16h52 ; mis \u00e0 jour le 24 nov. 2025&hellip;\n","protected":false},"author":2,"featured_media":555740,"comment_status":"","ping_status":"","sticky":false,"template":"","format":"standard","meta":{"footnotes":""},"categories":[9587],"tags":[1111,11,1777,674,118,1011,27,24124,26010,12,5161,25,9590,2215],"class_list":{"0":"post-555739","1":"post","2":"type-post","3":"status-publish","4":"format-standard","5":"has-post-thumbnail","7":"category-rouen","8":"tag-actu","9":"tag-actualites","10":"tag-eu","11":"tag-europe","12":"tag-faits-divers","13":"tag-fr","14":"tag-france","15":"tag-gare-de-rouen","16":"tag-gare-du-havre","17":"tag-news","18":"tag-normandie","19":"tag-republique-francaise","20":"tag-rouen","21":"tag-sncf"},"share_on_mastodon":{"url":"https:\/\/pubeurope.com\/@fr\/115605626237261430","error":""},"_links":{"self":[{"href":"https:\/\/www.europesays.com\/fr\/wp-json\/wp\/v2\/posts\/555739","targetHints":{"allow":["GET"]}}],"collection":[{"href":"https:\/\/www.europesays.com\/fr\/wp-json\/wp\/v2\/posts"}],"about":[{"href":"https:\/\/www.europesays.com\/fr\/wp-json\/wp\/v2\/types\/post"}],"author":[{"embeddable":true,"href":"https:\/\/www.europesays.com\/fr\/wp-json\/wp\/v2\/users\/2"}],"replies":[{"embeddable":true,"href":"https:\/\/www.europesays.com\/fr\/wp-json\/wp\/v2\/comments?post=555739"}],"version-history":[{"count":0,"href":"https:\/\/www.europesays.com\/fr\/wp-json\/wp\/v2\/posts\/555739\/revisions"}],"wp:featuredmedia":[{"embeddable":true,"href":"https:\/\/www.europesays.com\/fr\/wp-json\/wp\/v2\/media\/555740"}],"wp:attachment":[{"href":"https:\/\/www.europesays.com\/fr\/wp-json\/wp\/v2\/media?parent=555739"}],"wp:term":[{"taxonomy":"category","embeddable":true,"href":"https:\/\/www.europesays.com\/fr\/wp-json\/wp\/v2\/categories?post=555739"},{"taxonomy":"post_tag","embeddable":true,"href":"https:\/\/www.europesays.com\/fr\/wp-json\/wp\/v2\/tags?post=555739"}],"curies":[{"name":"wp","href":"https:\/\/api.w.org\/{rel}","templated":true}]}}