{"id":555743,"date":"2025-11-24T16:32:19","date_gmt":"2025-11-24T16:32:19","guid":{"rendered":"https:\/\/www.europesays.com\/fr\/555743\/"},"modified":"2025-11-24T16:32:19","modified_gmt":"2025-11-24T16:32:19","slug":"sncf-trafic-interrompu-entre-grenoble-et-lyon-des-trains-supprimes-ce-quil-se-passe","status":"publish","type":"post","link":"https:\/\/www.europesays.com\/fr\/555743\/","title":{"rendered":"SNCF. Trafic interrompu entre Grenoble et Lyon, des trains supprim\u00e9s : ce qu&rsquo;il se passe"},"content":{"rendered":"<p>                    Par<br \/>\n        <strong><br \/>\n            <a href=\"https:\/\/actu.fr\/auteur\/lisa-rodrigues\" title=\"Consulter tous les articles de Lisa Rodrigues\" target=\"_blank\" rel=\"noopener\">Lisa Rodrigues<\/a><br \/>\n                    <\/strong><\/p>\n<p>        Publi\u00e9 le<\/p>\n<p>            24 nov. 2025 \u00e0 17h21<br \/>\n        ; mis \u00e0 jour le 24 nov. 2025 \u00e0 17h24    <\/p>\n<p>L\u2019incident impacte les trains pr\u00e9vus sur la fin de journ\u00e9e du lundi 24 novembre, en pleine <a href=\"https:\/\/actu.fr\/auvergne-rhone-alpes\/saint-pierre-de-chartreuse_38442\/isere-des-violentes-pluies-touchent-ces-communes-meteo-france-alerte_63477360.html\" target=\"_blank\" rel=\"noopener\">vigilance pluie-inondation<\/a>. Aux alentours de 16h45, la SNCF a inform\u00e9 les voyageurs d\u2019une <strong>interruption du trafic<\/strong> dans le sens Grenoble-<a href=\"https:\/\/actu.fr\/auvergne-rhone-alpes\/lyon_69123\" target=\"_blank\" rel=\"noopener\">Lyon<\/a>.<\/p>\n<p class=\" wall-content\">\n<p class=\" wall-content\">En cause : un <strong>arbre a chut\u00e9 sur une cat\u00e9naire<\/strong> entre les communes de Moirans, pr\u00e8s de <a href=\"https:\/\/actu.fr\/auvergne-rhone-alpes\/grenoble_38185\" target=\"_blank\" rel=\"noopener\">Grenoble<\/a>, et Saint-Andr\u00e9-le-Gaz, bloquant les trains en partance de la capitale des Alpes pour rejoindre Lyon.\u00a0<\/p>\n<p>Des trains supprim\u00e9s ou retard\u00e9s<\/p>\n<p class=\" wall-content\">Selon les \u00e9quipes de la SNCF, des techniciens sont sur place pour d\u00e9bloquer la voie.\u00a0<\/p>\n<p class=\" wall-content\">En revanche, des trains TER ont d\u00fb \u00eatre supprim\u00e9s au d\u00e9part de Grenoble ce lundi soir. C\u2019est le cas de <strong>celui de 17h21<\/strong> en partance pour <a href=\"https:\/\/actu.fr\/tag\/lyon-part-dieu\" target=\"_blank\" rel=\"noopener\">Lyon Part-Dieu<\/a> et de <strong>celui de 17h24<\/strong> \u00e0 destination de Saint-Andr\u00e9-le-Gaz.<\/p>\n<p class=\" wall-content\">D\u2019autres en direction de Valence, Saint-Marcellin ou Chamb\u00e9ry affichent des retards \u2013 d\u2019une dizaine de minutes \u00e0 une heure selon les trains.<\/p>\n<p class=\" wall-content\">Personnalisez votre actualit\u00e9 en ajoutant vos villes et m\u00e9dias en favori avec <a href=\"https:\/\/moncompte.actu.fr\" title=\"D\u00e9couvez Mon Actu\" rel=\"nofollow noopener\" data-trk=\"{&quot;cta&quot;:{&quot;action&quot;:&quot;https:\\\/\\\/moncompte.actu.fr&quot;,&quot;category&quot;:&quot;mon compte&quot;,&quot;from&quot;:&quot;article footer&quot;,&quot;name&quot;:&quot;Mon actu&quot;,&quot;type&quot;:&quot;cta&quot;}}\" target=\"_blank\">Mon Actu<\/a>.<\/p>\n","protected":false},"excerpt":{"rendered":"Par Lisa Rodrigues Publi\u00e9 le 24 nov. 2025 \u00e0 17h21 ; mis \u00e0 jour le 24 nov. 2025&hellip;\n","protected":false},"author":2,"featured_media":555744,"comment_status":"","ping_status":"","sticky":false,"template":"","format":"standard","meta":{"footnotes":""},"categories":[9566],"tags":[1111,11,2430,3542,1777,674,118,1011,27,2731,12,25,2215],"class_list":{"0":"post-555743","1":"post","2":"type-post","3":"status-publish","4":"format-standard","5":"has-post-thumbnail","7":"category-grenoble","8":"tag-actu","9":"tag-actualites","10":"tag-auvergne-rhone-alpes","11":"tag-circulation","12":"tag-eu","13":"tag-europe","14":"tag-faits-divers","15":"tag-fr","16":"tag-france","17":"tag-grenoble","18":"tag-news","19":"tag-republique-francaise","20":"tag-sncf"},"share_on_mastodon":{"url":"https:\/\/pubeurope.com\/@fr\/115605637956022960","error":""},"_links":{"self":[{"href":"https:\/\/www.europesays.com\/fr\/wp-json\/wp\/v2\/posts\/555743","targetHints":{"allow":["GET"]}}],"collection":[{"href":"https:\/\/www.europesays.com\/fr\/wp-json\/wp\/v2\/posts"}],"about":[{"href":"https:\/\/www.europesays.com\/fr\/wp-json\/wp\/v2\/types\/post"}],"author":[{"embeddable":true,"href":"https:\/\/www.europesays.com\/fr\/wp-json\/wp\/v2\/users\/2"}],"replies":[{"embeddable":true,"href":"https:\/\/www.europesays.com\/fr\/wp-json\/wp\/v2\/comments?post=555743"}],"version-history":[{"count":0,"href":"https:\/\/www.europesays.com\/fr\/wp-json\/wp\/v2\/posts\/555743\/revisions"}],"wp:featuredmedia":[{"embeddable":true,"href":"https:\/\/www.europesays.com\/fr\/wp-json\/wp\/v2\/media\/555744"}],"wp:attachment":[{"href":"https:\/\/www.europesays.com\/fr\/wp-json\/wp\/v2\/media?parent=555743"}],"wp:term":[{"taxonomy":"category","embeddable":true,"href":"https:\/\/www.europesays.com\/fr\/wp-json\/wp\/v2\/categories?post=555743"},{"taxonomy":"post_tag","embeddable":true,"href":"https:\/\/www.europesays.com\/fr\/wp-json\/wp\/v2\/tags?post=555743"}],"curies":[{"name":"wp","href":"https:\/\/api.w.org\/{rel}","templated":true}]}}