{"id":555747,"date":"2025-11-24T16:34:27","date_gmt":"2025-11-24T16:34:27","guid":{"rendered":"https:\/\/www.europesays.com\/fr\/555747\/"},"modified":"2025-11-24T16:34:27","modified_gmt":"2025-11-24T16:34:27","slug":"malgre-une-circulation-etonnamment-fluide-sur-la-rocade-de-rennes-la-dir-ouest-reste-vigilante","status":"publish","type":"post","link":"https:\/\/www.europesays.com\/fr\/555747\/","title":{"rendered":"Malgr\u00e9 une circulation \u00e9tonnamment fluide sur la rocade de Rennes, la Dir Ouest reste \u00ab\u00a0vigilante\u00a0\u00bb"},"content":{"rendered":"<p>                    Par<br \/>\n        <strong><br \/>\n            <a href=\"https:\/\/actu.fr\/auteur\/laurene-fertin\" title=\"Consulter tous les articles de Laur\u00e8ne Fertin\" target=\"_blank\" rel=\"noopener\">Laur\u00e8ne Fertin<\/a><br \/>\n                    <\/strong><\/p>\n<p>        Publi\u00e9 le<\/p>\n<p>            24 nov. 2025 \u00e0 15h04        <\/p>\n<p><a href=\"https:\/\/actu.fr\/bretagne\/rennes_35238\/des-bouchons-de-7h-a-21h-la-fermeture-de-la-rocade-sud-a-rennes-va-avoir-un-impact-jamais-vu-sur-le-trafic_63452612.html\" target=\"_blank\" rel=\"noopener\">15 \u00e0 20\u00a0km de bouchons \u00e9taient redout\u00e9s, sur la rocade de Rennes,<\/a> ce lundi 24\u00a0novembre 2025 au matin. Depuis vendredi 21\u00a0novembre, 21h, <strong>la rocade sud<\/strong> dans le sens ext\u00e9rieur est en effet <strong>ferm\u00e9e sous le pont d\u2019Alma<\/strong>, en raison d\u2019importants travaux, afin de le restaurer. L\u2019infrastructure avait subi de graves dommages, alors q<a href=\"https:\/\/actu.fr\/bretagne\/rennes_35238\/10-septembre-a-rennes-rocade-bloquee-bus-incendie-interpellations-ce-qu-il-faut-retenir-de-cette-journee_63145725.html\" target=\"_blank\" rel=\"noopener\">u\u2019un bus avait \u00e9t\u00e9 incendi\u00e9<\/a> sous celle-ci. Mais au petit matin de ce lundi,<strong> la circulation<\/strong> \u00e9tait bel et bien <strong>fluide.<\/strong><\/p>\n<p>\u00ab\u2009Nous restons vigilants\u2009\u00bb<\/p>\n<p class=\" wall-content\">\u00ab\u2009Les usagers ont bien <strong>respect\u00e9 les consignes\u2009\u00bb,<\/strong> souligne la Dir Ouest, contact\u00e9e par la r\u00e9daction d\u2019<a href=\"https:\/\/actu.fr\/rennes\/\" target=\"_blank\" rel=\"noopener\">actu Rennes<\/a>. Les autorit\u00e9s appelaient en effet les conducteurs et conductrices \u00e0 reporter <strong>leurs d\u00e9placements essentiels<\/strong> et privil\u00e9gier <strong>le t\u00e9l\u00e9travail.<\/strong><\/p>\n<p class=\" wall-content\">Un message qui a \u00e9t\u00e9 bien entendu puisqu\u2019aucune congestion n\u2019a \u00e9t\u00e9 recens\u00e9e, hormis <strong>\u00ab\u2009deux ou trois kilom\u00e8tres\u2009\u00bb<\/strong> entre <strong>les portes de Br\u00e9quigny et d\u2019Alma<\/strong> sur la rocade ext\u00e9rieure. La N137 \u00e9tait \u00e9galement fluide.<\/p>\n<p class=\" wall-content\">Et si quelques bouchons ont pu se former par ailleurs, rien d\u2019inhabituel sur le r\u00e9seau fortement emprunt\u00e9 en matin\u00e9e. <strong>\u00ab\u2009Nous sommes satisfaits\u2009\u00bb,<\/strong> indique la Dir Ouest. \u00ab\u2009Nous restons toutefois <strong>vigilants<\/strong> quant \u00e0 la circulation sur la rocade, demain matin.\u2009\u00bb Le trafic est en effet sensiblement congestionn\u00e9 les mardi et jeudi.<\/p>\n<p>Bient\u00f4t rouverte<\/p>\n<p class=\" wall-content\">Pour rappel, les deux voies de circulation dans <strong>le sens ext\u00e9rieur de la rocade sud<\/strong> de Rennes, au niveau du pont d\u2019Alma sont ferm\u00e9es. <strong>Le pont d\u2019Alma<\/strong>, dans le sens sud-nord en provenance de Nantes \u00e9galement\u2009; sans oublier <strong>les bretelles de sortie<\/strong> de la rocade vers le centre de Rennes et inversement.<\/p>\n<p class=\" wall-content\">La rocade rouvrira \u00e0 la circulation <strong>jeudi 27\u00a0novembre, 7h<\/strong>\u2009; le pont, <strong>vendredi 28\u00a0novembre \u00e0 21h.<\/strong><\/p>\n<p class=\" wall-content\">Personnalisez votre actualit\u00e9 en ajoutant vos villes et m\u00e9dias en favori avec <a href=\"https:\/\/moncompte.actu.fr\" title=\"D\u00e9couvez Mon Actu\" rel=\"nofollow noopener\" data-trk=\"{&quot;cta&quot;:{&quot;action&quot;:&quot;https:\\\/\\\/moncompte.actu.fr&quot;,&quot;category&quot;:&quot;mon compte&quot;,&quot;from&quot;:&quot;article footer&quot;,&quot;name&quot;:&quot;Mon actu&quot;,&quot;type&quot;:&quot;cta&quot;}}\" target=\"_blank\">Mon Actu<\/a>.<\/p>\n","protected":false},"excerpt":{"rendered":"Par Laur\u00e8ne Fertin Publi\u00e9 le 24 nov. 2025 \u00e0 15h04 15 \u00e0 20\u00a0km de bouchons \u00e9taient redout\u00e9s, sur&hellip;\n","protected":false},"author":2,"featured_media":555748,"comment_status":"","ping_status":"","sticky":false,"template":"","format":"standard","meta":{"footnotes":""},"categories":[2821],"tags":[1111,11,829,1777,674,1011,27,803,12,584,25,4797,104],"class_list":{"0":"post-555747","1":"post","2":"type-post","3":"status-publish","4":"format-standard","5":"has-post-thumbnail","7":"category-rennes","8":"tag-actu","9":"tag-actualites","10":"tag-bretagne","11":"tag-eu","12":"tag-europe","13":"tag-fr","14":"tag-france","15":"tag-info-trafic","16":"tag-news","17":"tag-rennes","18":"tag-republique-francaise","19":"tag-rocade","20":"tag-societe"},"share_on_mastodon":{"url":"https:\/\/pubeurope.com\/@fr\/115605645932366032","error":""},"_links":{"self":[{"href":"https:\/\/www.europesays.com\/fr\/wp-json\/wp\/v2\/posts\/555747","targetHints":{"allow":["GET"]}}],"collection":[{"href":"https:\/\/www.europesays.com\/fr\/wp-json\/wp\/v2\/posts"}],"about":[{"href":"https:\/\/www.europesays.com\/fr\/wp-json\/wp\/v2\/types\/post"}],"author":[{"embeddable":true,"href":"https:\/\/www.europesays.com\/fr\/wp-json\/wp\/v2\/users\/2"}],"replies":[{"embeddable":true,"href":"https:\/\/www.europesays.com\/fr\/wp-json\/wp\/v2\/comments?post=555747"}],"version-history":[{"count":0,"href":"https:\/\/www.europesays.com\/fr\/wp-json\/wp\/v2\/posts\/555747\/revisions"}],"wp:featuredmedia":[{"embeddable":true,"href":"https:\/\/www.europesays.com\/fr\/wp-json\/wp\/v2\/media\/555748"}],"wp:attachment":[{"href":"https:\/\/www.europesays.com\/fr\/wp-json\/wp\/v2\/media?parent=555747"}],"wp:term":[{"taxonomy":"category","embeddable":true,"href":"https:\/\/www.europesays.com\/fr\/wp-json\/wp\/v2\/categories?post=555747"},{"taxonomy":"post_tag","embeddable":true,"href":"https:\/\/www.europesays.com\/fr\/wp-json\/wp\/v2\/tags?post=555747"}],"curies":[{"name":"wp","href":"https:\/\/api.w.org\/{rel}","templated":true}]}}