{"id":555753,"date":"2025-11-24T16:37:20","date_gmt":"2025-11-24T16:37:20","guid":{"rendered":"https:\/\/www.europesays.com\/fr\/555753\/"},"modified":"2025-11-24T16:37:20","modified_gmt":"2025-11-24T16:37:20","slug":"la-maison-des-femmes-sinstallera-dans-le-centre-de-nice-fin-2026","status":"publish","type":"post","link":"https:\/\/www.europesays.com\/fr\/555753\/","title":{"rendered":"La Maison des femmes s\u2019installera dans le centre de Nice fin 2026"},"content":{"rendered":"<p>                    <img loading=\"lazy\" decoding=\"async\" src=\"https:\/\/www.europesays.com\/fr\/wp-content\/uploads\/2025\/11\/33c193e4aa9f1ee95019349d91d85d.jpg\" class=\"img-responsive post-image\" width=\"680\" height=\"510\" alt=\"La Maison des femmes (\u2026)\" title=\"La Maison des femmes s'installera dans le centre de Nice fin 2026\"\/><\/p>\n<p class=\"chapo\">La Maison des femmes des Alpes-Maritimes, inaugur\u00e9e il y a un an \u00e0 l\u2019h\u00f4pital L\u2019Archet 2, a accueilli 480 femmes et a men\u00e9 1 600 consultations, a annonc\u00e9 le Dr Marie Cid, gyn\u00e9cologue obst\u00e9tricienne du CHU de Nice et m\u00e9decin r\u00e9f\u00e9rent de la structure, lors d\u2019un \u00e9v\u00e9nement organis\u00e9 Square Leclerc sur la Promenade du Paillon.<\/p>\n<blockquote class=\"texte\">\n<p>\u00ab\u00a0Nous nous occupons des violences pass\u00e9es et actuelles, a-t-elle ajout\u00e9. Initialement, on n\u2019\u00e9tait ouvert que les jeudis. Suite \u00e0 l\u2019afflux de patientes on est maintenant ouvert du lundi au vendredi, de 9h \u00e0 17h, et le jeudi c\u2019est sans rendez-vous\u00a0\u00bb.<\/p>\n<\/blockquote>\n<p>Lundi 24 novembre, veille de la Journ\u00e9e internationale pour l\u2019\u00e9limination de la violence \u00e0 l\u2019\u00e9gard des femmes, le Dr Cid a \u00e9galement ajout\u00e9, en pr\u00e9sence du maire de Nice, que la Maison des femmes <strong>d\u00e9m\u00e9nagerait dans le centre-ville de Nice, avenue Felix Faure, fin 2026<\/strong> afin de cohabiter avec le centre communal d\u2019action sociale (CCAS) ce qui permettra de \u00ab\u00a0faciliter la communication\u00a0\u00bb. Les patientes b\u00e9n\u00e9ficieront ainsi d\u2019une prise en charge plus compl\u00e8te.<\/p>\n<p>Relire\u00a0: <a href=\"https:\/\/www.petitesaffiches.fr\/politique,104\/maison-des-femmes-des-alpes,31964.html\" target=\"_blank\" rel=\"noopener\">Maison des Femmes des Alpes-Maritimes\u00a0: \u00ab\u00a0Une r\u00e9ponse n\u00e9cessaire et globale\u00a0\u00bb<\/a><\/p>\n<p>\u00ab\u00a0C\u2019est encore en travaux mais nous travaillons de mani\u00e8re conjointe pour que le parcours de la patiente soit r\u00e9fl\u00e9chi comme un lieu unique\u00a0\u00bb. Elle a pr\u00e9cis\u00e9 que les soignants de L\u2019Archet 2 accueilleraient toujours les femmes victimes de violences m\u00eame apr\u00e8s le d\u00e9m\u00e9nagement de la Maison des femmes, via les urgences gyn\u00e9cologiques \u00ab\u00a0mais que la majorit\u00e9 de l\u2019\u00e9quipe (allait) se d\u00e9placer avenue F\u00e9lix Faure\u00a0\u00bb. \u00ab\u00a0Nous sentons que nous sommes dans une phase o\u00f9 il faut vraiment acc\u00e9l\u00e9rer les choses\u00a0\u00bb, a assur\u00e9 <strong>Christian Estrosi<\/strong>, qui a ajout\u00e9 que le nouveau lieu permettrait de \u00ab\u00a0pr\u00e9server l\u2019anonymat\u00a0\u00bb des femmes victimes de violences, \u00ab\u00a0de les accompagner au plan social pour les r\u00e9ins\u00e9rer, voire assurer une formation pour les mettre sur le circuit de l\u2019emploi et en m\u00eame temps permettre aux enfants de pouvoir poursuivre leur parcours \u00e9ducatif tout en \u00e9tant prot\u00e9g\u00e9s\u00a0\u00bb.<\/p>\n<p> <a href=\"https:\/\/www.europesays.com\/fr\/wp-content\/uploads\/2025\/11\/img_4479.jpg\" class=\"spip_doc_lien mediabox\" type=\"image\/jpeg\"><br \/>\n\t\t<img loading=\"lazy\" decoding=\"async\" src=\"https:\/\/www.europesays.com\/fr\/wp-content\/uploads\/2025\/11\/img_4479.jpg\" width=\"1023\" height=\"618\" alt=\"\"\/><\/a><\/p>\n<p>\u00a9SG\n<\/p>\n<p> <a href=\"https:\/\/www.europesays.com\/fr\/wp-content\/uploads\/2025\/11\/p1130383.jpg\" class=\"spip_doc_lien mediabox\" type=\"image\/jpeg\"><br \/>\n\t\t<img loading=\"lazy\" decoding=\"async\" src=\"https:\/\/www.europesays.com\/fr\/wp-content\/uploads\/2025\/11\/p1130383.jpg\" width=\"1024\" height=\"768\" alt=\"\"\/><\/a><\/p>\n<p>\u00a9SG\n<\/p>\n<p> <a href=\"https:\/\/www.europesays.com\/fr\/wp-content\/uploads\/2025\/11\/p1130378.jpg\" class=\"spip_doc_lien mediabox\" type=\"image\/jpeg\"><br \/>\n\t\t<img loading=\"lazy\" decoding=\"async\" src=\"https:\/\/www.europesays.com\/fr\/wp-content\/uploads\/2025\/11\/p1130378.jpg\" width=\"1024\" height=\"768\" alt=\"\"\/><\/a><\/p>\n<p>\u00a9SG<\/p>\n","protected":false},"excerpt":{"rendered":"La Maison des femmes des Alpes-Maritimes, inaugur\u00e9e il y a un an \u00e0 l\u2019h\u00f4pital L\u2019Archet 2, a accueilli&hellip;\n","protected":false},"author":2,"featured_media":555754,"comment_status":"","ping_status":"","sticky":false,"template":"","format":"standard","meta":{"footnotes":""},"categories":[2819],"tags":[1111,11,2408,1777,674,1011,27,12,2401,882,25],"class_list":{"0":"post-555753","1":"post","2":"type-post","3":"status-publish","4":"format-standard","5":"has-post-thumbnail","7":"category-nice","8":"tag-actu","9":"tag-actualites","10":"tag-appels-d","11":"tag-eu","12":"tag-europe","13":"tag-fr","14":"tag-france","15":"tag-news","16":"tag-nice","17":"tag-provence-alpes-cote-dazur","18":"tag-republique-francaise"},"share_on_mastodon":{"url":"https:\/\/pubeurope.com\/@fr\/115605658629612364","error":""},"_links":{"self":[{"href":"https:\/\/www.europesays.com\/fr\/wp-json\/wp\/v2\/posts\/555753","targetHints":{"allow":["GET"]}}],"collection":[{"href":"https:\/\/www.europesays.com\/fr\/wp-json\/wp\/v2\/posts"}],"about":[{"href":"https:\/\/www.europesays.com\/fr\/wp-json\/wp\/v2\/types\/post"}],"author":[{"embeddable":true,"href":"https:\/\/www.europesays.com\/fr\/wp-json\/wp\/v2\/users\/2"}],"replies":[{"embeddable":true,"href":"https:\/\/www.europesays.com\/fr\/wp-json\/wp\/v2\/comments?post=555753"}],"version-history":[{"count":0,"href":"https:\/\/www.europesays.com\/fr\/wp-json\/wp\/v2\/posts\/555753\/revisions"}],"wp:featuredmedia":[{"embeddable":true,"href":"https:\/\/www.europesays.com\/fr\/wp-json\/wp\/v2\/media\/555754"}],"wp:attachment":[{"href":"https:\/\/www.europesays.com\/fr\/wp-json\/wp\/v2\/media?parent=555753"}],"wp:term":[{"taxonomy":"category","embeddable":true,"href":"https:\/\/www.europesays.com\/fr\/wp-json\/wp\/v2\/categories?post=555753"},{"taxonomy":"post_tag","embeddable":true,"href":"https:\/\/www.europesays.com\/fr\/wp-json\/wp\/v2\/tags?post=555753"}],"curies":[{"name":"wp","href":"https:\/\/api.w.org\/{rel}","templated":true}]}}