{"id":555759,"date":"2025-11-24T16:40:25","date_gmt":"2025-11-24T16:40:25","guid":{"rendered":"https:\/\/www.europesays.com\/fr\/555759\/"},"modified":"2025-11-24T16:40:25","modified_gmt":"2025-11-24T16:40:25","slug":"un-homme-arrete-avec-un-pistolet-dans-son-pantalon","status":"publish","type":"post","link":"https:\/\/www.europesays.com\/fr\/555759\/","title":{"rendered":"un homme arr\u00eat\u00e9 avec un pistolet dans son pantalon"},"content":{"rendered":"<p>                    Par<br \/>\n        <strong><br \/>\n            <a href=\"https:\/\/actu.fr\/auteur\/laure-gentil\" title=\"Consulter tous les articles de Laure Gentil\" target=\"_blank\" rel=\"noopener\">Laure Gentil<\/a><br \/>\n                    <\/strong><\/p>\n<p>        Publi\u00e9 le<\/p>\n<p>            24 nov. 2025 \u00e0 17h26        <\/p>\n<p>Les visiteurs du <a href=\"https:\/\/actu.fr\/pays-de-la-loire\/thouare-sur-loire_44204\/nantes-metropole-les-marches-de-noel-a-decouvrir-pres-de-chez-vous_63474735.html\" target=\"_blank\" rel=\"noopener\">march\u00e9 de No\u00ebl<\/a> de <b>Nantes <\/b>ont eu une petite frayeur ce dimanche aux alentours de 17h40. Des t\u00e9moins ont signal\u00e9 un homme arm\u00e9. Ce dernier a finalement \u00e9t\u00e9 arr\u00eat\u00e9 par la police <b>rue du Cou\u00ebdic,<\/b> non loin de la place du Commerce et de la place Royale o\u00f9 se tient le march\u00e9.<\/p>\n<p>Un pistolet airsoft<\/p>\n<p class=\" wall-content\">Les t\u00e9moins ont pu effectuer un signalement en raison de la<b> crosse du pistolet qui d\u00e9passait <\/b>de son pantalon. Il s\u2019agissait en r\u00e9alit\u00e9 d\u2019un pistolet airsoft indique une source polici\u00e8re. Le mis en cause <b>\u00e2g\u00e9 de 22\u00a0ans<\/b> a d\u00e9clar\u00e9 qu\u2019il se dirigeait vers l\u2019armurerie pour acheter des billes et r\u00e9parer son couteau et n\u2019avait aucune intention d\u2019effrayer les passants. Son t<b>aux d\u2019alcool <\/b>\u00e9tait d\u2019environ 1,39 gramme d\u2019alcool dans le sang.<\/p>\n<p class=\" wall-content\">Personnalisez votre actualit\u00e9 en ajoutant vos villes et m\u00e9dias en favori avec <a href=\"https:\/\/moncompte.actu.fr\" title=\"D\u00e9couvez Mon Actu\" rel=\"nofollow noopener\" data-trk=\"{&quot;cta&quot;:{&quot;action&quot;:&quot;https:\\\/\\\/moncompte.actu.fr&quot;,&quot;category&quot;:&quot;mon compte&quot;,&quot;from&quot;:&quot;article footer&quot;,&quot;name&quot;:&quot;Mon actu&quot;,&quot;type&quot;:&quot;cta&quot;}}\" target=\"_blank\">Mon Actu<\/a>.<\/p>\n","protected":false},"excerpt":{"rendered":"Par Laure Gentil Publi\u00e9 le 24 nov. 2025 \u00e0 17h26 Les visiteurs du march\u00e9 de No\u00ebl de Nantes&hellip;\n","protected":false},"author":2,"featured_media":555760,"comment_status":"","ping_status":"","sticky":false,"template":"","format":"standard","meta":{"footnotes":""},"categories":[2818],"tags":[1111,11,1777,674,118,1011,27,766,12,2636,1072,25],"class_list":{"0":"post-555759","1":"post","2":"type-post","3":"status-publish","4":"format-standard","5":"has-post-thumbnail","7":"category-nantes","8":"tag-actu","9":"tag-actualites","10":"tag-eu","11":"tag-europe","12":"tag-faits-divers","13":"tag-fr","14":"tag-france","15":"tag-nantes","16":"tag-news","17":"tag-pays-de-la-loire","18":"tag-police","19":"tag-republique-francaise"},"share_on_mastodon":{"url":"https:\/\/pubeurope.com\/@fr\/115605669377664680","error":""},"_links":{"self":[{"href":"https:\/\/www.europesays.com\/fr\/wp-json\/wp\/v2\/posts\/555759","targetHints":{"allow":["GET"]}}],"collection":[{"href":"https:\/\/www.europesays.com\/fr\/wp-json\/wp\/v2\/posts"}],"about":[{"href":"https:\/\/www.europesays.com\/fr\/wp-json\/wp\/v2\/types\/post"}],"author":[{"embeddable":true,"href":"https:\/\/www.europesays.com\/fr\/wp-json\/wp\/v2\/users\/2"}],"replies":[{"embeddable":true,"href":"https:\/\/www.europesays.com\/fr\/wp-json\/wp\/v2\/comments?post=555759"}],"version-history":[{"count":0,"href":"https:\/\/www.europesays.com\/fr\/wp-json\/wp\/v2\/posts\/555759\/revisions"}],"wp:featuredmedia":[{"embeddable":true,"href":"https:\/\/www.europesays.com\/fr\/wp-json\/wp\/v2\/media\/555760"}],"wp:attachment":[{"href":"https:\/\/www.europesays.com\/fr\/wp-json\/wp\/v2\/media?parent=555759"}],"wp:term":[{"taxonomy":"category","embeddable":true,"href":"https:\/\/www.europesays.com\/fr\/wp-json\/wp\/v2\/categories?post=555759"},{"taxonomy":"post_tag","embeddable":true,"href":"https:\/\/www.europesays.com\/fr\/wp-json\/wp\/v2\/tags?post=555759"}],"curies":[{"name":"wp","href":"https:\/\/api.w.org\/{rel}","templated":true}]}}