{"id":555761,"date":"2025-11-24T16:42:14","date_gmt":"2025-11-24T16:42:14","guid":{"rendered":"https:\/\/www.europesays.com\/fr\/555761\/"},"modified":"2025-11-24T16:42:14","modified_gmt":"2025-11-24T16:42:14","slug":"plus-de-70-oeuvres-a-decouvrir-sur-le-theme-des-variations-chromatiques","status":"publish","type":"post","link":"https:\/\/www.europesays.com\/fr\/555761\/","title":{"rendered":"plus de 70 \u0153uvres \u00e0 d\u00e9couvrir sur le th\u00e8me des \u00ab\u00a0Variations chromatiques\u00a0\u00bb"},"content":{"rendered":"<p>Ce panel assez diversifi\u00e9 a travaill\u00e9 sur un th\u00e8me commun, \u00ab\u00a0Variations chromatiques\u00a0\u00bb. Les artistes ont utilis\u00e9 la couleur comme vecteur d\u2019\u00e9motion, d\u2019\u00e9quilibre ou de rupture. Chacun a explor\u00e9 le champ chromatique \u00e0 travers sa propre sensibilit\u00e9, ses techniques et son langage plastique. C\u00f4t\u00e9 peinture, les \u0153uvres expos\u00e9es jouent sur les contrastes, les transparences, les superpositions ou les harmonies subtiles. C\u00f4t\u00e9 sculpture, les mat\u00e9riaux, bronze, bois, pierre, m\u00e9tal ou r\u00e9sine, se laisseront traverser par la couleur ou dialoguer avec elle par le biais de textures, de patines ou d\u2019incrustations inattendues.<\/p>\n","protected":false},"excerpt":{"rendered":"Ce panel assez diversifi\u00e9 a travaill\u00e9 sur un th\u00e8me commun, \u00ab\u00a0Variations chromatiques\u00a0\u00bb. Les artistes ont utilis\u00e9 la couleur&hellip;\n","protected":false},"author":2,"featured_media":555762,"comment_status":"","ping_status":"","sticky":false,"template":"","format":"standard","meta":{"footnotes":""},"categories":[2817],"tags":[1111,11,1997,1777,674,1011,27,12,2219,25],"class_list":{"0":"post-555761","1":"post","2":"type-post","3":"status-publish","4":"format-standard","5":"has-post-thumbnail","7":"category-bordeaux","8":"tag-actu","9":"tag-actualites","10":"tag-bordeaux","11":"tag-eu","12":"tag-europe","13":"tag-fr","14":"tag-france","15":"tag-news","16":"tag-nouvelle-aquitaine","17":"tag-republique-francaise"},"share_on_mastodon":{"url":"https:\/\/pubeurope.com\/@fr\/115605677394864778","error":""},"_links":{"self":[{"href":"https:\/\/www.europesays.com\/fr\/wp-json\/wp\/v2\/posts\/555761","targetHints":{"allow":["GET"]}}],"collection":[{"href":"https:\/\/www.europesays.com\/fr\/wp-json\/wp\/v2\/posts"}],"about":[{"href":"https:\/\/www.europesays.com\/fr\/wp-json\/wp\/v2\/types\/post"}],"author":[{"embeddable":true,"href":"https:\/\/www.europesays.com\/fr\/wp-json\/wp\/v2\/users\/2"}],"replies":[{"embeddable":true,"href":"https:\/\/www.europesays.com\/fr\/wp-json\/wp\/v2\/comments?post=555761"}],"version-history":[{"count":0,"href":"https:\/\/www.europesays.com\/fr\/wp-json\/wp\/v2\/posts\/555761\/revisions"}],"wp:featuredmedia":[{"embeddable":true,"href":"https:\/\/www.europesays.com\/fr\/wp-json\/wp\/v2\/media\/555762"}],"wp:attachment":[{"href":"https:\/\/www.europesays.com\/fr\/wp-json\/wp\/v2\/media?parent=555761"}],"wp:term":[{"taxonomy":"category","embeddable":true,"href":"https:\/\/www.europesays.com\/fr\/wp-json\/wp\/v2\/categories?post=555761"},{"taxonomy":"post_tag","embeddable":true,"href":"https:\/\/www.europesays.com\/fr\/wp-json\/wp\/v2\/tags?post=555761"}],"curies":[{"name":"wp","href":"https:\/\/api.w.org\/{rel}","templated":true}]}}