{"id":555763,"date":"2025-11-24T16:43:13","date_gmt":"2025-11-24T16:43:13","guid":{"rendered":"https:\/\/www.europesays.com\/fr\/555763\/"},"modified":"2025-11-24T16:43:13","modified_gmt":"2025-11-24T16:43:13","slug":"entre-fatigue-et-motivation-a-reims","status":"publish","type":"post","link":"https:\/\/www.europesays.com\/fr\/555763\/","title":{"rendered":"entre fatigue et motivation \u00e0 Reims"},"content":{"rendered":"<p>\u00ab\u00a0Effectivement, il y a de la fatigue, conc\u00e8de l\u2019entra\u00eeneur bordelais Olivier Dimet. On a pass\u00e9 deux nuits dans le bus et derri\u00e8re il fallait encha\u00eener avec un gros match face \u00e0 Chamonix. On s\u2019attendait vraiment \u00e0 une grosse opposition face \u00e0 une \u00e9quipe tr\u00e8s technique, tr\u00e8s rapide en contre-attaque mais on a mis les ingr\u00e9dients pour gagner. Maintenant on tourne la page de Ligue Magnus pour se tourner vers ce deuxi\u00e8me objectif qu\u2019est la Coupe de France avec un match \u00e0 prendre au s\u00e9rieux. On va se pr\u00e9parer de la bonne fa\u00e7on pour passer ce tour.\u00a0\u00bb<\/p>\n<p>De son c\u00f4t\u00e9, l\u2019attaquant qu\u00e9b\u00e9cois, nouveau boxer cette saison et marqueur contre Anglet et Chamonix, Pierre-Olivier Morin a l\u2019exp\u00e9rience de ces grosses semaines de matchs\u00a0: \u00ab\u00a0\u00c0 travers les ann\u00e9es, on d\u00e9veloppe des petites routines d\u2019\u00e9tirements, de r\u00e9cup\u00e9ration pour encha\u00eener dans de bonnes conditions. Toute la saison il faut faire attention au sommeil, \u00e0 la nourriture, aux soins. L\u00e0, on fait encore plus attention.\u00a0\u00bb<\/p>\n<p>\u00ab\u00a0On va garder notre m\u00e9thode\u00a0\u00bb<\/p>\n<p>L\u2019envie de poursuivre l\u2019aventure de cette comp\u00e9tition si particuli\u00e8re et la s\u00e9rie en cours de huit victoires devrait \u00eatre un rem\u00e8de efficace \u00e0 la fatigue. Ce top 3 si lointain apr\u00e8s un d\u00e9but de saison manqu\u00e9 s\u2019est consid\u00e9rablement rapproch\u00e9. La troisi\u00e8me place ne tient toujours qu\u2019\u00e0 un point avec Marseille pendant que les deux premiers, Angers et Rouen (42 points tous les deux) sont \u00e0 sept longueurs. Ils seront d\u2019ailleurs les deux futures destinations des Boxers en Ligue Magnus, respectivement ce vendredi (20\u00a0h\u00a030) et dimanche (18\u00a0h\u00a015). Mais on a dit chaque chose en son temps\u2026<\/p>\n<p>\u00ab\u00a0On va garder notre m\u00e9thode, c\u2019est-\u00e0-dire match apr\u00e8s match, insiste Dimet. En championnat, on est tr\u00e8s satisfaits de cette place-l\u00e0 o\u00f9 on voulait \u00eatre au d\u00e9but de saison. C\u2019est une bonne chose. Il faut que la s\u00e9rie continue\u00a0\u00bb. Reims est pr\u00e9venu.<\/p>\n<p>    Dubeau jusqu\u2019au 1er\u00a0janvier<br \/>\nInitialement en contrat jusqu\u2019\u00e0 fin novembre pour pallier la blessure de l\u2019international fran\u00e7ais Quentin Papillon, le gardien qu\u00e9b\u00e9cois venu de Roumanie et ancien de EHCL (3e niveau nord-am\u00e9ricain) Alex Dubeau prolonge chez les Boxers jusqu\u2019au 1er\u00a0janvier.<\/p>\n<p>Le match<\/p>\n","protected":false},"excerpt":{"rendered":"\u00ab\u00a0Effectivement, il y a de la fatigue, conc\u00e8de l\u2019entra\u00eeneur bordelais Olivier Dimet. On a pass\u00e9 deux nuits dans&hellip;\n","protected":false},"author":2,"featured_media":555764,"comment_status":"","ping_status":"","sticky":false,"template":"","format":"standard","meta":{"footnotes":""},"categories":[2817],"tags":[1111,11,1997,1777,674,1011,27,12,2219,25],"class_list":{"0":"post-555763","1":"post","2":"type-post","3":"status-publish","4":"format-standard","5":"has-post-thumbnail","7":"category-bordeaux","8":"tag-actu","9":"tag-actualites","10":"tag-bordeaux","11":"tag-eu","12":"tag-europe","13":"tag-fr","14":"tag-france","15":"tag-news","16":"tag-nouvelle-aquitaine","17":"tag-republique-francaise"},"share_on_mastodon":{"url":"https:\/\/pubeurope.com\/@fr\/115605681318881217","error":""},"_links":{"self":[{"href":"https:\/\/www.europesays.com\/fr\/wp-json\/wp\/v2\/posts\/555763","targetHints":{"allow":["GET"]}}],"collection":[{"href":"https:\/\/www.europesays.com\/fr\/wp-json\/wp\/v2\/posts"}],"about":[{"href":"https:\/\/www.europesays.com\/fr\/wp-json\/wp\/v2\/types\/post"}],"author":[{"embeddable":true,"href":"https:\/\/www.europesays.com\/fr\/wp-json\/wp\/v2\/users\/2"}],"replies":[{"embeddable":true,"href":"https:\/\/www.europesays.com\/fr\/wp-json\/wp\/v2\/comments?post=555763"}],"version-history":[{"count":0,"href":"https:\/\/www.europesays.com\/fr\/wp-json\/wp\/v2\/posts\/555763\/revisions"}],"wp:featuredmedia":[{"embeddable":true,"href":"https:\/\/www.europesays.com\/fr\/wp-json\/wp\/v2\/media\/555764"}],"wp:attachment":[{"href":"https:\/\/www.europesays.com\/fr\/wp-json\/wp\/v2\/media?parent=555763"}],"wp:term":[{"taxonomy":"category","embeddable":true,"href":"https:\/\/www.europesays.com\/fr\/wp-json\/wp\/v2\/categories?post=555763"},{"taxonomy":"post_tag","embeddable":true,"href":"https:\/\/www.europesays.com\/fr\/wp-json\/wp\/v2\/tags?post=555763"}],"curies":[{"name":"wp","href":"https:\/\/api.w.org\/{rel}","templated":true}]}}