{"id":555767,"date":"2025-11-24T16:45:18","date_gmt":"2025-11-24T16:45:18","guid":{"rendered":"https:\/\/www.europesays.com\/fr\/555767\/"},"modified":"2025-11-24T16:45:18","modified_gmt":"2025-11-24T16:45:18","slug":"toulouse-la-voleuse-de-colis-en-serie-ecumait-les-boites-aux-lettres-plus-de-200-objets-trouves-chez-elle","status":"publish","type":"post","link":"https:\/\/www.europesays.com\/fr\/555767\/","title":{"rendered":"Toulouse. La voleuse de colis en s\u00e9rie \u00e9cumait les bo\u00eetes aux lettres, plus de 200 objets trouv\u00e9s chez elle"},"content":{"rendered":"<p>                    Par<br \/>\n        <strong><br \/>\n            <a href=\"https:\/\/actu.fr\/auteur\/lucie-2\" title=\"Consulter tous les articles de Lucie Fraisse\" target=\"_blank\" rel=\"noopener\">Lucie Fraisse<\/a><br \/>\n                    <\/strong><\/p>\n<p>        Publi\u00e9 le<\/p>\n<p>            24 nov. 2025 \u00e0 17h28        <\/p>\n<p>C\u2019est une affaire qui, en ces temps de fr\u00e9n\u00e9sie du<a href=\"https:\/\/actu.fr\/societe\/du-black-friday-au-black-month-voici-pourquoi-les-promos-durent-desormais-presque-un-mois-en-france_63452849.html\" target=\"_blank\" rel=\"noopener\"> Black Friday<\/a> et autres courses de <strong>No\u00ebl<\/strong>, devrait en inciter plus d\u2019un \u00e0 se faire livrer ses colis chez un commer\u00e7ant ou dans des casiers surveill\u00e9s plut\u00f4t que directement dans les bo\u00eetes aux lettres.<\/p>\n<p>Les colis disparaissaient des bo\u00eetes aux lettres<\/p>\n<p class=\" wall-content\">Depuis quelque temps, des habitants du quartier<strong> Ch\u00e2teau de l\u2019Hers<\/strong>, \u00e0<a href=\"https:\/\/actu.fr\/toulouse\/dernieres-actus\" target=\"_blank\" rel=\"noopener\"> Toulouse<\/a>, ne recevaient pas leurs colis. Si la plupart r\u00e9glaient le probl\u00e8me directement avec les transporteurs ou le site marchand sur lequel ils avaient fait leurs achats, certains sont all\u00e9s porter plainte au commissariat.<\/p>\n<p class=\" wall-content\">Un nombre de plaintes significatif qui a alert\u00e9 les policiers.<\/p>\n<p>Une source donne un indice pr\u00e9cieux<\/p>\n<p class=\" wall-content\">Aussi, quand une source leur a conseill\u00e9 de s\u2019int\u00e9resser \u00e0 deux femmes circulant dans un <strong>Renault Kadjar<\/strong>, les forces de l\u2019ordre ont pris l\u2019information au s\u00e9rieux.<\/p>\n<p>Vid\u00e9os : en ce moment sur Actu<\/p>\n<p class=\" wall-content\">Et bien leur en a pris : lors d\u2019une patrouille dans le quartier men\u00e9e vendredi 21 novembre 2025, les policiers de la Bac aper\u00e7oivent une Renault Kadjar dont l\u2019immatriculation correspond \u00e0 celle partielle donn\u00e9e par leur source.<\/p>\n<p class=\" wall-content\">De loin, ils voient une femme qui s\u2019approche du v\u00e9hicule, y d\u00e9pose quelque chose et repart.<\/p>\n<p>Votre r\u00e9gion, votre actu !<\/p>\n<p>Recevez chaque jour les infos qui comptent pour vous.<\/p>\n<p>\t<a href=\"https:\/\/actu.fr\/newsletter\" class=\"ac-btn ac-btn--corner ac-btn--medium ac-btn--blue800\" target=\"_blank\" rel=\"noopener\">S&rsquo;incrire<\/a><br \/>\nDeux occupants dans la voiture et des colis ouverts<\/p>\n<p class=\" wall-content\">Les hommes de la Bac s\u2019approchent alors de la voiture. \u00c0 son bord, une jeune femme au volant et un homme sur le si\u00e8ge passager. <strong>\u00c0 l\u2019arri\u00e8re, des colis ouverts<\/strong>.\u00a0<\/p>\n<p class=\" wall-content\">Les policiers interrogent alors les deux occupants du v\u00e9hicule sur la femme qui vient de s\u2019approcher de la voiture avant de s\u2019en \u00e9loigner. La conductrice donne son identit\u00e9.<\/p>\n<p>Du stylo, aux d\u00e9cos de No\u00ebl en passant par du mat\u00e9riel high tech<\/p>\n<p class=\" wall-content\">Les policiers d\u00e9couvrent alors qu\u2019il s\u2019agit d\u2019une femme n\u00e9e en 73, qui r\u00e9side \u00e0<strong> Toulouse<\/strong>. Ils se rendent \u00e0 son domicile.<\/p>\n<p class=\" wall-content\">Sur place, ils trouvent des colis \u00e9ventr\u00e9s et plus de 200 objets, allant du simple stylo jusqu\u2019au petit mat\u00e9riel informatique ou high tech, en passant par les d\u00e9cos de No\u00ebl ou des v\u00eatements.<\/p>\n<p>Elle poss\u00e9dait plusieurs clefs de facteur<\/p>\n<p class=\" wall-content\">Plac\u00e9e en garde \u00e0 vue, la femme explique qu\u2019elle a plusieurs clefs de facteur qui permettent d\u2019ouvrir toutes les bo\u00eetes aux lettres. Ce qu\u2019elle ne se prive pas de faire, depuis au moins six mois. Sans voiture, <strong>elle se fait aider de la jeune conductrice du Renault Kadjar <\/strong>qui lui sert de chauffeur.<\/p>\n<p class=\" wall-content\">L\u2019\u00e9cumeuse de bo\u00eete aux lettres reconna\u00eet les faits qui lui sont reproch\u00e9s et explique qu\u2019elle revendait son butin, notamment \u00e0 des connaissances. Elle sera convoqu\u00e9e ult\u00e9rieurement devant la justice dans le cadre d\u2019une comparution sur reconnaissance pr\u00e9alable de culpabilit\u00e9.<\/p>\n<p class=\" wall-content\">Personnalisez votre actualit\u00e9 en ajoutant vos villes et m\u00e9dias en favori avec <a href=\"https:\/\/moncompte.actu.fr\" title=\"D\u00e9couvez Mon Actu\" rel=\"nofollow noopener\" data-trk=\"{&quot;cta&quot;:{&quot;action&quot;:&quot;https:\\\/\\\/moncompte.actu.fr&quot;,&quot;category&quot;:&quot;mon compte&quot;,&quot;from&quot;:&quot;article footer&quot;,&quot;name&quot;:&quot;Mon actu&quot;,&quot;type&quot;:&quot;cta&quot;}}\" target=\"_blank\">Mon Actu<\/a>.<\/p>\n","protected":false},"excerpt":{"rendered":"Par Lucie Fraisse Publi\u00e9 le 24 nov. 2025 \u00e0 17h28 C\u2019est une affaire qui, en ces temps de&hellip;\n","protected":false},"author":2,"featured_media":555768,"comment_status":"","ping_status":"","sticky":false,"template":"","format":"standard","meta":{"footnotes":""},"categories":[2816],"tags":[1111,11,1777,674,118,1011,27,12,2680,1072,25,2312],"class_list":{"0":"post-555767","1":"post","2":"type-post","3":"status-publish","4":"format-standard","5":"has-post-thumbnail","7":"category-toulouse","8":"tag-actu","9":"tag-actualites","10":"tag-eu","11":"tag-europe","12":"tag-faits-divers","13":"tag-fr","14":"tag-france","15":"tag-news","16":"tag-occitanie","17":"tag-police","18":"tag-republique-francaise","19":"tag-toulouse"},"share_on_mastodon":{"url":"https:\/\/pubeurope.com\/@fr\/115605689031305813","error":""},"_links":{"self":[{"href":"https:\/\/www.europesays.com\/fr\/wp-json\/wp\/v2\/posts\/555767","targetHints":{"allow":["GET"]}}],"collection":[{"href":"https:\/\/www.europesays.com\/fr\/wp-json\/wp\/v2\/posts"}],"about":[{"href":"https:\/\/www.europesays.com\/fr\/wp-json\/wp\/v2\/types\/post"}],"author":[{"embeddable":true,"href":"https:\/\/www.europesays.com\/fr\/wp-json\/wp\/v2\/users\/2"}],"replies":[{"embeddable":true,"href":"https:\/\/www.europesays.com\/fr\/wp-json\/wp\/v2\/comments?post=555767"}],"version-history":[{"count":0,"href":"https:\/\/www.europesays.com\/fr\/wp-json\/wp\/v2\/posts\/555767\/revisions"}],"wp:featuredmedia":[{"embeddable":true,"href":"https:\/\/www.europesays.com\/fr\/wp-json\/wp\/v2\/media\/555768"}],"wp:attachment":[{"href":"https:\/\/www.europesays.com\/fr\/wp-json\/wp\/v2\/media?parent=555767"}],"wp:term":[{"taxonomy":"category","embeddable":true,"href":"https:\/\/www.europesays.com\/fr\/wp-json\/wp\/v2\/categories?post=555767"},{"taxonomy":"post_tag","embeddable":true,"href":"https:\/\/www.europesays.com\/fr\/wp-json\/wp\/v2\/tags?post=555767"}],"curies":[{"name":"wp","href":"https:\/\/api.w.org\/{rel}","templated":true}]}}