{"id":555769,"date":"2025-11-24T16:47:14","date_gmt":"2025-11-24T16:47:14","guid":{"rendered":"https:\/\/www.europesays.com\/fr\/555769\/"},"modified":"2025-11-24T16:47:14","modified_gmt":"2025-11-24T16:47:14","slug":"englos-une-nouvelle-enseigne-ultra-gourmande-sinstalle-dans-le-centre-commercial-aushopping","status":"publish","type":"post","link":"https:\/\/www.europesays.com\/fr\/555769\/","title":{"rendered":"Englos. Une nouvelle enseigne ultra gourmande s&rsquo;installe dans le centre commercial Aushopping"},"content":{"rendered":"<p>                    Par<br \/>\n        <strong><br \/>\n            <a href=\"https:\/\/actu.fr\/auteur\/nicolas-demollien\" title=\"Consulter tous les articles de Nicolas Demollien\" target=\"_blank\" rel=\"noopener\">Nicolas Demollien<\/a><br \/>\n                    <\/strong><\/p>\n<p>        Publi\u00e9 le<\/p>\n<p>            24 nov. 2025 \u00e0 17h32        <\/p>\n<p>Il y a du <b>nouveau au centre commercial Aushopping<\/b> d\u2019<a href=\"https:\/\/actu.fr\/hauts-de-france\/englos_59195\" target=\"_blank\" rel=\"noopener\">Englos<\/a>, dans la m\u00e9tropole de <a href=\"https:\/\/actu.fr\/hauts-de-france\/lille_59350\" target=\"_blank\" rel=\"noopener\">Lille<\/a> (Nord). Et cela devrait r<b>avir les gourmands<\/b> puisqu\u2019une toute <a href=\"https:\/\/actu.fr\/tag\/nouveaux-commerces\" target=\"_blank\" rel=\"noopener\">nouvelle boutique<\/a> vient d\u2019ouvrir avec des sp\u00e9cialit\u00e9s qui <b>devraient r\u00e9galer vos papilles<\/b>.<\/p>\n<p>Une nouvelle boutique gourmande avec du fait maison chez Aushopping Englos<\/p>\n<p class=\" wall-content\">Ce nouveau commerce, c\u2019est \u00ab\u00a0<b>Soraya et ses g\u00e2teaux<\/b>\u00ab\u00a0. Vous la trouverez \u00e0 l\u2019entr\u00e9e de la<b> porte Lille Sequedin<\/b>, juste \u00e0 c\u00f4t\u00e9 de la boutique Levi\u2019s.<\/p>\n<p class=\" wall-content\">Sur place, vous pourrez vous laisser tenter par des \u00ab\u00a0cr\u00e9ations gourmandes et raffin\u00e9es\u00a0\u00bb, promet le centre commercial. Au choix :\u00a0<b>p\u00e2tisseries artisanales, g\u00e2teaux g\u00e9n\u00e9reux, entremets d\u00e9licats, cookies fondants<\/b>\u2026<\/p>\n<p class=\" wall-content\">\u00ab\u00a0Le tout est pr\u00e9par\u00e9 avec passion et savoir-faire pour ravir les papilles des petits comme des grands\u00a0\u00bb, promet-on encore du c\u00f4t\u00e9 d\u2019Aushopping.<\/p>\n<p class=\" wall-content\">Vous l\u2019aurez compris, il y en aura pour tous les go\u00fbts si vous avez envie de vous faire plaisir avec de d\u00e9licieux mets sucr\u00e9s et originaux.<\/p>\n<p>    <a href=\"https:\/\/www.facebook.com\/plugins\/post.php?href=https%3A%2F%2Fwww.facebook.com%2FCCEnglos%2Fposts%2Fpfbid0iRXe8rxrp69XqnVbdjemNTmWtVWbo3BgRFXvjKMq4L5XS3XD37VpHy5jwhfeenHxl&amp;show_text=true&amp;width=350\" title=\"Ouvrie le lien\" target=\"_blank\" rel=\"noopener\">Cliquez ici pour visualiser le contenu<\/a><\/p>\n<p class=\" wall-content\">Plus d\u2019infos sur le site du centre commercial : <a href=\"https:\/\/englos.aushopping.com\/actualites\/nouvelle-boutique\" target=\"_blank\" rel=\"noopener\">englos.aushopping.com<\/a><\/p>\n<p class=\" wall-content\">Personnalisez votre actualit\u00e9 en ajoutant vos villes et m\u00e9dias en favori avec <a href=\"https:\/\/moncompte.actu.fr\" title=\"D\u00e9couvez Mon Actu\" rel=\"nofollow noopener\" data-trk=\"{&quot;cta&quot;:{&quot;action&quot;:&quot;https:\\\/\\\/moncompte.actu.fr&quot;,&quot;category&quot;:&quot;mon compte&quot;,&quot;from&quot;:&quot;article footer&quot;,&quot;name&quot;:&quot;Mon actu&quot;,&quot;type&quot;:&quot;cta&quot;}}\" target=\"_blank\">Mon Actu<\/a>.<\/p>\n","protected":false},"excerpt":{"rendered":"Par Nicolas Demollien Publi\u00e9 le 24 nov. 2025 \u00e0 17h32 Il y a du nouveau au centre commercial&hellip;\n","protected":false},"author":2,"featured_media":555770,"comment_status":"","ping_status":"","sticky":false,"template":"","format":"standard","meta":{"footnotes":""},"categories":[2815],"tags":[1111,11,1777,674,1011,27,811,1307,12,3147,25,104],"class_list":{"0":"post-555769","1":"post","2":"type-post","3":"status-publish","4":"format-standard","5":"has-post-thumbnail","7":"category-lille","8":"tag-actu","9":"tag-actualites","10":"tag-eu","11":"tag-europe","12":"tag-fr","13":"tag-france","14":"tag-hauts-de-france","15":"tag-lille","16":"tag-news","17":"tag-nouveaux-commerces","18":"tag-republique-francaise","19":"tag-societe"},"share_on_mastodon":{"url":"https:\/\/pubeurope.com\/@fr\/115605697130835372","error":""},"_links":{"self":[{"href":"https:\/\/www.europesays.com\/fr\/wp-json\/wp\/v2\/posts\/555769","targetHints":{"allow":["GET"]}}],"collection":[{"href":"https:\/\/www.europesays.com\/fr\/wp-json\/wp\/v2\/posts"}],"about":[{"href":"https:\/\/www.europesays.com\/fr\/wp-json\/wp\/v2\/types\/post"}],"author":[{"embeddable":true,"href":"https:\/\/www.europesays.com\/fr\/wp-json\/wp\/v2\/users\/2"}],"replies":[{"embeddable":true,"href":"https:\/\/www.europesays.com\/fr\/wp-json\/wp\/v2\/comments?post=555769"}],"version-history":[{"count":0,"href":"https:\/\/www.europesays.com\/fr\/wp-json\/wp\/v2\/posts\/555769\/revisions"}],"wp:featuredmedia":[{"embeddable":true,"href":"https:\/\/www.europesays.com\/fr\/wp-json\/wp\/v2\/media\/555770"}],"wp:attachment":[{"href":"https:\/\/www.europesays.com\/fr\/wp-json\/wp\/v2\/media?parent=555769"}],"wp:term":[{"taxonomy":"category","embeddable":true,"href":"https:\/\/www.europesays.com\/fr\/wp-json\/wp\/v2\/categories?post=555769"},{"taxonomy":"post_tag","embeddable":true,"href":"https:\/\/www.europesays.com\/fr\/wp-json\/wp\/v2\/tags?post=555769"}],"curies":[{"name":"wp","href":"https:\/\/api.w.org\/{rel}","templated":true}]}}