{"id":555781,"date":"2025-11-24T16:55:14","date_gmt":"2025-11-24T16:55:14","guid":{"rendered":"https:\/\/www.europesays.com\/fr\/555781\/"},"modified":"2025-11-24T16:55:14","modified_gmt":"2025-11-24T16:55:14","slug":"la-justice-na-pas-protege-elias-denonce-la-mere-de-ladolescent-tue-a-coups-de-machette-a-paris","status":"publish","type":"post","link":"https:\/\/www.europesays.com\/fr\/555781\/","title":{"rendered":"\u00ab\u00a0La justice n\u2019a pas prot\u00e9g\u00e9 \u00c9lias\u00a0\u00bb, d\u00e9nonce la m\u00e8re de l&rsquo;adolescent tu\u00e9 \u00e0 coups de machette \u00e0 Paris"},"content":{"rendered":"<p>                    Par<br \/>\n        <strong><br \/>\n            <a href=\"https:\/\/actu.fr\/auteur\/redaction-paris\" title=\"Consulter tous les articles de R\u00e9daction Paris\" target=\"_blank\" rel=\"noopener\">R\u00e9daction Paris<\/a><br \/>\n                    <\/strong><\/p>\n<p>        Publi\u00e9 le<\/p>\n<p>            24 nov. 2025 \u00e0 17h16        <\/p>\n<p>Moins d\u2019un an apr\u00e8s <a href=\"https:\/\/actu.fr\/ile-de-france\/paris_75056\/paris-un-adolescent-entre-la-vie-et-la-mort-apres-avoir-ete-poignarde-deux-mineurs-places-en-garde-a-vue_62167459.html\" target=\"_blank\" rel=\"noopener\">la mort tragique de son fils<\/a>, <strong>Elias<\/strong>, tu\u00e9 \u00e0 coups de machette en janvier 2025 dans le 14\u00e8me arrondissement de Paris, St\u00e9phanie Bonhomme, \u00e9tait l\u2019invit\u00e9e de CNews ce lundi 24 novembre 2025. Elle s\u2019est exprim\u00e9e sur le <a href=\"https:\/\/www.justice.gouv.fr\/sites\/default\/files\/2025-10\/rapport_evaluation_deces_A_0.pdf\" target=\"_blank\" rel=\"noopener\">rapport de l\u2019Inspection g\u00e9n\u00e9rale de la justice<\/a> sur la mort de l\u2019adolescent.<\/p>\n<p>\u00ab\u00a0Ils vont perdre leurs enfants dans la rue\u00a0\u00bb<\/p>\n<p class=\" wall-content\">Publi\u00e9 le 22 octobre 2025, le rapport pointe du doigt plusieurs <strong>dysfonctionnements de la justice<\/strong> des mineurs. Des r\u00e9v\u00e9lations lourdes de sens pour la m\u00e8re du jeune homme qui souhaiterait qu\u2019il soit lu par le plus grand nombre.<\/p>\n<p class=\" wall-content\">\u00ab\u00a0C\u2019est important de lire ce rapport parce que les parents vont comprendre qu\u2019avant de perdre leurs enfants sur un champ de bataille, ils vont perdre leurs enfants dans la rue, en rentrant du <strong>cin\u00e9ma<\/strong>, de <strong>l\u2019\u00e9cole<\/strong>, du <strong>coll\u00e8ge<\/strong>, du <strong>lyc\u00e9e<\/strong>, de leur entra\u00eenement de sport\u00a0\u00bb, a-t-elle d\u2019abord expliqu\u00e9, faisant r\u00e9f\u00e9rence \u00e0 la phrase du g\u00e9n\u00e9ral Fabien Mandon. Mardi 18 novembre 2025, lors du Congr\u00e8s des maires de France le chef d\u2019\u00e9tat-major des Arm\u00e9es affirmait qu\u2019il fallait que le pays \u00ab\u00a0accepte de perdre ses enfants\u00a0\u00bb en cas de guerre.<\/p>\n<p class=\" wall-content\">\u00abPour nous, la justice n\u2019a pas prot\u00e9g\u00e9 \u00c9lias. Nous avons comme message pour les autres parents que la justice des mineurs, aujourd\u2019hui, ne va pas prot\u00e9ger la soci\u00e9t\u00e9\u00bb, a d\u00e9plor\u00e9 St\u00e9phanie Bonhomme. Et d\u2019\u00e9voquer les ant\u00e9c\u00e9dents judiciaires des deux mineurs. \u00ab\u00a0Malgr\u00e9 la dangerosit\u00e9 montante des deux assassins d\u2019\u00c9lias, les juges ont <strong>r\u00e9p\u00e9t\u00e9 la m\u00eame mesure<\/strong>, c\u2019est-\u00e0-dire une interdiction de rentrer en contact, alors que ces deux assassins habitaient dans la m\u00eame r\u00e9sidence\u00a0\u00bb.<\/p>\n<p class=\" wall-content\">La m\u00e8re de famille assure s\u2019inscrire dans une d\u00e9marche d\u00e9mocratique dont le but est de \u00ab<strong>\u202fcomprendre<\/strong> le sens des d\u00e9cisions des juges\u202f\u00bb.<\/p>\n<p class=\" wall-content\">Personnalisez votre actualit\u00e9 en ajoutant vos villes et m\u00e9dias en favori avec <a href=\"https:\/\/moncompte.actu.fr\" title=\"D\u00e9couvez Mon Actu\" rel=\"nofollow noopener\" data-trk=\"{&quot;cta&quot;:{&quot;action&quot;:&quot;https:\\\/\\\/moncompte.actu.fr&quot;,&quot;category&quot;:&quot;mon compte&quot;,&quot;from&quot;:&quot;article footer&quot;,&quot;name&quot;:&quot;Mon actu&quot;,&quot;type&quot;:&quot;cta&quot;}}\" target=\"_blank\">Mon Actu<\/a>.<\/p>\n","protected":false},"excerpt":{"rendered":"Par R\u00e9daction Paris Publi\u00e9 le 24 nov. 2025 \u00e0 17h16 Moins d\u2019un an apr\u00e8s la mort tragique de&hellip;\n","protected":false},"author":2,"featured_media":555782,"comment_status":"","ping_status":"","sticky":false,"template":"","format":"standard","meta":{"footnotes":""},"categories":[1888],"tags":[1111,1928,11,1927,1777,674,1011,27,303,777,12,1926,626,1925,25,104],"class_list":{"0":"post-555781","1":"post","2":"type-post","3":"status-publish","4":"format-standard","5":"has-post-thumbnail","7":"category-paris","8":"tag-actu","9":"tag-actu-paris","10":"tag-actualites","11":"tag-actualites-paris","12":"tag-eu","13":"tag-europe","14":"tag-fr","15":"tag-france","16":"tag-justice","17":"tag-meurtre","18":"tag-news","19":"tag-news-paris","20":"tag-paris","21":"tag-paris-news","22":"tag-republique-francaise","23":"tag-societe"},"share_on_mastodon":{"url":"https:\/\/pubeurope.com\/@fr\/115605728321481840","error":""},"_links":{"self":[{"href":"https:\/\/www.europesays.com\/fr\/wp-json\/wp\/v2\/posts\/555781","targetHints":{"allow":["GET"]}}],"collection":[{"href":"https:\/\/www.europesays.com\/fr\/wp-json\/wp\/v2\/posts"}],"about":[{"href":"https:\/\/www.europesays.com\/fr\/wp-json\/wp\/v2\/types\/post"}],"author":[{"embeddable":true,"href":"https:\/\/www.europesays.com\/fr\/wp-json\/wp\/v2\/users\/2"}],"replies":[{"embeddable":true,"href":"https:\/\/www.europesays.com\/fr\/wp-json\/wp\/v2\/comments?post=555781"}],"version-history":[{"count":0,"href":"https:\/\/www.europesays.com\/fr\/wp-json\/wp\/v2\/posts\/555781\/revisions"}],"wp:featuredmedia":[{"embeddable":true,"href":"https:\/\/www.europesays.com\/fr\/wp-json\/wp\/v2\/media\/555782"}],"wp:attachment":[{"href":"https:\/\/www.europesays.com\/fr\/wp-json\/wp\/v2\/media?parent=555781"}],"wp:term":[{"taxonomy":"category","embeddable":true,"href":"https:\/\/www.europesays.com\/fr\/wp-json\/wp\/v2\/categories?post=555781"},{"taxonomy":"post_tag","embeddable":true,"href":"https:\/\/www.europesays.com\/fr\/wp-json\/wp\/v2\/tags?post=555781"}],"curies":[{"name":"wp","href":"https:\/\/api.w.org\/{rel}","templated":true}]}}