{"id":555789,"date":"2025-11-24T17:00:28","date_gmt":"2025-11-24T17:00:28","guid":{"rendered":"https:\/\/www.europesays.com\/fr\/555789\/"},"modified":"2025-11-24T17:00:28","modified_gmt":"2025-11-24T17:00:28","slug":"liberee-de-prison-la-jeune-artiste-naoko-incarceree-pour-des-chants-pacifistes-a-quitte-la-russie-liberation","status":"publish","type":"post","link":"https:\/\/www.europesays.com\/fr\/555789\/","title":{"rendered":"Lib\u00e9r\u00e9e de prison, la jeune artiste Naoko, incarc\u00e9r\u00e9e pour des chants pacifistes, a quitt\u00e9 la Russie \u2013 Lib\u00e9ration"},"content":{"rendered":"<p class=\"sc-cPiKLX AiZTS text-element\">D\u00e8s sa sortie de prison, Diana Loguinova a quitt\u00e9 la Russie. L\u2019\u00e9tudiante en musique de 18 ans, connue sous le nom de sc\u00e8ne Naoko, avait <a href=\"https:\/\/www.liberation.fr\/international\/europe\/en-russie-une-jeune-artiste-arretee-pour-avoir-interprete-en-pleine-rue-des-chansons-anti-kremlin-20251016_B62VBNFMUNBMZLMFI2CPCDLNXU\/\" target=\"_blank\" rel=\"noreferrer noopener\" title=\"https:\/\/www.liberation.fr\/international\/europe\/en-russie-une-jeune-artiste-arretee-pour-avoir-interprete-en-pleine-rue-des-chansons-anti-kremlin-20251016_B62VBNFMUNBMZLMFI2CPCDLNXU\/\">\u00e9t\u00e9 arr\u00eat\u00e9e en octobre<\/a> et condamn\u00e9e successivement \u00e0 trois courtes peines de prison pour avoir interpr\u00e9t\u00e9 dans les rues de Saint-P\u00e9tersbourg des chansons pacifistes et des musiques d\u2019artistes consid\u00e9r\u00e9s comme ind\u00e9sirables par les autorit\u00e9s russes. Une source proche du dossier a indiqu\u00e9 \u00e0 l\u2019AFP que la jeune femme \u00e9tait sortie du territoire russe, confirmant les informations de m\u00e9dias russes qui affirmaient qu\u2019elle \u00e9tait sortie de prison et avait imm\u00e9diatement quitt\u00e9 le pays.<\/p>\n<p class=\"sc-cPiKLX AiZTS text-element\">Les vid\u00e9os de ses performances avec son groupe \u00abStopTime\u00bb dans les rues de Saint-P\u00e9tersbourg \u00e9taient devenues virales sur les r\u00e9seaux sociaux, valant aux jeunes musiciens les foudres des autorit\u00e9s dans un contexte de r\u00e9pression de toute critique envers le conflit en Ukraine.<\/p>\n<p class=\"sc-cPiKLX AiZTS text-element\">Diana Loguinova s\u2019est retrouv\u00e9e entra\u00een\u00e9e dans ce que les d\u00e9fenseurs des droits humains du pays appellent \u00able carrousel\u00bb, lorsque les accus\u00e9s font face \u00e0 des accusations mineures et \u00e0 de courtes peines d\u2019emprisonnement \u00e0 la cha\u00eene qui les voient constamment retourner en d\u00e9tention, une pratique destin\u00e9e \u00e0 effrayer et d\u00e9courager les militants.<\/p>\n<p class=\"sc-cPiKLX AiZTS text-element\">Elle a ainsi \u00e9t\u00e9 tour \u00e0 tour emprisonn\u00e9e pour \u00abtroubles \u00e0 l\u2019ordre public\u00bb, \u00abdiscr\u00e9dit\u00bb de l\u2019arm\u00e9e russe et pour avoir organis\u00e9 un \u00abrassemblement de masse\u00bb sans autorisation. Certains de ses soutiens craignaient qu\u2019elle ne soit gard\u00e9e en d\u00e9tention et que le parquet ne construise un dossier d\u2019accusation bien plus s\u00e9v\u00e8re \u00e0 son encontre.<\/p>\n<p class=\"sc-cPiKLX AiZTS text-element\">L\u2019arrestation des membres du groupe a cr\u00e9\u00e9 une vague de solidarit\u00e9 sur TikTok et chez les musiciens de rue russes, pris eux aussi dans les mailles de la r\u00e9pression. Des milliers de personnes ont \u00e9t\u00e9 arr\u00eat\u00e9es dans le cadre de la r\u00e9pression de toute critique envers l\u2019offensive russe en Ukraine, certains \u00e9copant de lourdes peines de prison.<\/p>\n","protected":false},"excerpt":{"rendered":"D\u00e8s sa sortie de prison, Diana Loguinova a quitt\u00e9 la Russie. L\u2019\u00e9tudiante en musique de 18 ans, connue&hellip;\n","protected":false},"author":2,"featured_media":555790,"comment_status":"","ping_status":"","sticky":false,"template":"","format":"standard","meta":{"footnotes":""},"categories":[1591],"tags":[11,1887,12,1885,1886,132],"class_list":{"0":"post-555789","1":"post","2":"type-post","3":"status-publish","4":"format-standard","5":"has-post-thumbnail","7":"category-russie","8":"tag-actualites","9":"tag-federation-de-russie","10":"tag-news","11":"tag-russia","12":"tag-russian-federation","13":"tag-russie"},"share_on_mastodon":{"url":"https:\/\/pubeurope.com\/@fr\/115605748035125351","error":""},"_links":{"self":[{"href":"https:\/\/www.europesays.com\/fr\/wp-json\/wp\/v2\/posts\/555789","targetHints":{"allow":["GET"]}}],"collection":[{"href":"https:\/\/www.europesays.com\/fr\/wp-json\/wp\/v2\/posts"}],"about":[{"href":"https:\/\/www.europesays.com\/fr\/wp-json\/wp\/v2\/types\/post"}],"author":[{"embeddable":true,"href":"https:\/\/www.europesays.com\/fr\/wp-json\/wp\/v2\/users\/2"}],"replies":[{"embeddable":true,"href":"https:\/\/www.europesays.com\/fr\/wp-json\/wp\/v2\/comments?post=555789"}],"version-history":[{"count":0,"href":"https:\/\/www.europesays.com\/fr\/wp-json\/wp\/v2\/posts\/555789\/revisions"}],"wp:featuredmedia":[{"embeddable":true,"href":"https:\/\/www.europesays.com\/fr\/wp-json\/wp\/v2\/media\/555790"}],"wp:attachment":[{"href":"https:\/\/www.europesays.com\/fr\/wp-json\/wp\/v2\/media?parent=555789"}],"wp:term":[{"taxonomy":"category","embeddable":true,"href":"https:\/\/www.europesays.com\/fr\/wp-json\/wp\/v2\/categories?post=555789"},{"taxonomy":"post_tag","embeddable":true,"href":"https:\/\/www.europesays.com\/fr\/wp-json\/wp\/v2\/tags?post=555789"}],"curies":[{"name":"wp","href":"https:\/\/api.w.org\/{rel}","templated":true}]}}