{"id":555796,"date":"2025-11-24T17:05:13","date_gmt":"2025-11-24T17:05:13","guid":{"rendered":"https:\/\/www.europesays.com\/fr\/555796\/"},"modified":"2025-11-24T17:05:13","modified_gmt":"2025-11-24T17:05:13","slug":"lallemagne-en-quete-de-jeunes-recrues-pour-son-armee","status":"publish","type":"post","link":"https:\/\/www.europesays.com\/fr\/555796\/","title":{"rendered":"l\u2019Allemagne en qu\u00eate de jeunes recrues pour son arm\u00e9e"},"content":{"rendered":"<p>Justus a 18\u00a0ans. Il vient de passer son Abitur (le bac allemand) et travaille dans un caf\u00e9 berlinois avant de commencer ses \u00e9tudes \u00e0 l&rsquo;automne prochain. Si le compromis concoct\u00e9 par les partenaires de la coalition au pouvoir \u00e0 Berlin est, comme pr\u00e9vu, avalis\u00e9 par le Parlement avant No\u00ebl, Justus recevra au d\u00e9but de l&rsquo;ann\u00e9e prochaine un formulaire \u00e0 remplir obligatoirement.<\/p>\n<p>Il devra renseigner le minist\u00e8re des Arm\u00e9es sur ses aptitudes physiques et r\u00e9pondre \u00e0 une question tr\u00e8s directe\u00a0: \u00eates-vous pr\u00eat \u00e0 vous porter volontaire pour effectuer un service militaire d&rsquo;une dur\u00e9e de\u00a06\u00a0mois minimum\u00a0? Cette question sera pos\u00e9e d\u00e8s le mois de janvier\u00a02026 \u00e0 tous les gar\u00e7ons et toutes les filles \u00e2g\u00e9s de 18\u00a0ans, mais seuls les gar\u00e7ons seront dans l&rsquo;obligation d&rsquo;y r\u00e9pondre.<\/p>\n<p>Toute l\u2019actualit\u00e9 \u00e0 1\u20ac le premier mois<\/p>\n<p><a href=\"https:\/\/abo.lepoint.fr\/?provenance=21EDI020098\" class=\"btn\" title=\"S&#039;abonner\" data-gtm=\"click:abo|display:abo\" data-campaign=\"paywall_maison\" target=\"_blank\" rel=\"noopener\">S&rsquo;abonner<\/a><\/p>\n<p>ou<\/p>\n","protected":false},"excerpt":{"rendered":"Justus a 18\u00a0ans. Il vient de passer son Abitur (le bac allemand) et travaille dans un caf\u00e9 berlinois&hellip;\n","protected":false},"author":2,"featured_media":555797,"comment_status":"","ping_status":"","sticky":false,"template":"","format":"standard","meta":{"footnotes":""},"categories":[1587],"tags":[11,672,1804,1805,1803,1777,674,4710,1801,12,1802],"class_list":{"0":"post-555796","1":"post","2":"type-post","3":"status-publish","4":"format-standard","5":"has-post-thumbnail","7":"category-allemagne","8":"tag-actualites","9":"tag-allemagne","10":"tag-bundesrepublik-deutschland","11":"tag-de","12":"tag-deutschland","13":"tag-eu","14":"tag-europe","15":"tag-friedrich-merz","16":"tag-germany","17":"tag-news","18":"tag-republique-federale-dallemagne"},"share_on_mastodon":{"url":"https:\/\/pubeurope.com\/@fr\/115605767700506481","error":""},"_links":{"self":[{"href":"https:\/\/www.europesays.com\/fr\/wp-json\/wp\/v2\/posts\/555796","targetHints":{"allow":["GET"]}}],"collection":[{"href":"https:\/\/www.europesays.com\/fr\/wp-json\/wp\/v2\/posts"}],"about":[{"href":"https:\/\/www.europesays.com\/fr\/wp-json\/wp\/v2\/types\/post"}],"author":[{"embeddable":true,"href":"https:\/\/www.europesays.com\/fr\/wp-json\/wp\/v2\/users\/2"}],"replies":[{"embeddable":true,"href":"https:\/\/www.europesays.com\/fr\/wp-json\/wp\/v2\/comments?post=555796"}],"version-history":[{"count":0,"href":"https:\/\/www.europesays.com\/fr\/wp-json\/wp\/v2\/posts\/555796\/revisions"}],"wp:featuredmedia":[{"embeddable":true,"href":"https:\/\/www.europesays.com\/fr\/wp-json\/wp\/v2\/media\/555797"}],"wp:attachment":[{"href":"https:\/\/www.europesays.com\/fr\/wp-json\/wp\/v2\/media?parent=555796"}],"wp:term":[{"taxonomy":"category","embeddable":true,"href":"https:\/\/www.europesays.com\/fr\/wp-json\/wp\/v2\/categories?post=555796"},{"taxonomy":"post_tag","embeddable":true,"href":"https:\/\/www.europesays.com\/fr\/wp-json\/wp\/v2\/tags?post=555796"}],"curies":[{"name":"wp","href":"https:\/\/api.w.org\/{rel}","templated":true}]}}