{"id":555799,"date":"2025-11-24T17:07:16","date_gmt":"2025-11-24T17:07:16","guid":{"rendered":"https:\/\/www.europesays.com\/fr\/555799\/"},"modified":"2025-11-24T17:07:16","modified_gmt":"2025-11-24T17:07:16","slug":"cyclisme-dorian-godon-a-propos-dineos-grenadiers-il-y-a-trois-ans-je-naurais-pas-eu-envie-dy-aller","status":"publish","type":"post","link":"https:\/\/www.europesays.com\/fr\/555799\/","title":{"rendered":"Cyclisme &#8211; Dorian Godon \u00e0 propos d&rsquo;INEOS Grenadiers : \u00ab\u00a0Il y a trois ans, je n&rsquo;aurais pas eu envie d&rsquo;y aller\u00a0\u00bb"},"content":{"rendered":"<p>              <img decoding=\"async\" fetchpriority=\"high\" width=\"1024\" height=\"682\" src=\"https:\/\/www.europesays.com\/fr\/wp-content\/uploads\/2025\/11\/actualites-cyclisme-dorian-godon-a-propos-dineos-grenadiers-il-y-a-trois-ans-je-naurais-pas-eu-envie.webp\" class=\"img-fluid\" alt=\"Dorian Godon \u00e0 propos d\u2019INEOS Grenadiers : \u00ab\u00a0Il y a trois ans, je n\u2019aurais pas eu envie d\u2019y aller\u00a0\u00bb\"\/><br \/>\n                                            Dorian Godon \u00e0 propos d&rsquo;INEOS Grenadiers : \u00ab\u00a0Il y a trois ans, je n&rsquo;aurais pas eu envie d&rsquo;y aller\u00a0\u00bb. Photo : A.S.O.\/Dean Koh<\/p>\n<p>          A 29 ans, Dorian Godon a choisi de donner un nouvel \u00e9lan \u00e0 sa carri\u00e8re en partant \u00e0 l\u2019\u00e9tranger et plus pr\u00e9cis\u00e9ment chez INEOS Grenadiers.<\/p>\n<p><strong><a href=\"https:\/\/www.total-velo.com\/coureur-godon-dorian\/\" target=\"_blank\" rel=\"noopener\">Dorian Godon<\/a><\/strong> (29 ans) a sign\u00e9 en faveur de l\u2019\u00e9quipe <strong>INEOS Grenadiers<\/strong> pour la saison 2026 et au-del\u00e0. L\u2019actuel champion de France \u00e9voluera avec deux compatriotes que sont <strong>Axel Laurance<\/strong> et <strong>K\u00e9vin Vauquelin<\/strong> qui va lui aussi d\u00e9barquer au 1er janvier. Une nouvelle \u00e8re qui commence pour celui qui est pass\u00e9 par <strong>Cofidis<\/strong> et <strong>Decathlon\/AG2R La Mondiale<\/strong>.<\/p>\n<blockquote class=\"twitter-tweet\" data-width=\"500\" data-dnt=\"true\">\n<p lang=\"fr\" dir=\"ltr\">DORIAN GODON CHAMPION DE FRANCE 2025 ! \ud83d\ude4c<\/p>\n<p>Quel final et quelle victoire du coureur Decathlon-AG2R qui s&rsquo;impose au sprint devant Romain Gr\u00e9goire ! <a href=\"https:\/\/t.co\/dRg54H4ikV\" target=\"_blank\">pic.twitter.com\/dRg54H4ikV<\/a><\/p>\n<p>\u2014 Eurosport France (@Eurosport_FR) <a href=\"https:\/\/twitter.com\/Eurosport_FR\/status\/1939337845358858465?ref_src=twsrc%5Etfw\" target=\"_blank\" rel=\"noopener\">June 29, 2025<\/a><\/p><\/blockquote>\n<p>Plusieurs opportunit\u00e9s pour Dorian Godon<\/p>\n<p>D\u00e8s le mois de mars sur <strong>Tirreno-Adriatico<\/strong>, <strong>Dorian Godon<\/strong> a \u00e9t\u00e9 approch\u00e9 par l\u2019\u00e9quipe <strong>INEOS Grenadiers<\/strong>. Sans prolongation de la part de <strong>Decathlon CMA CGM<\/strong>, le Parisien a finalement sign\u00e9 son contrat \u00e0 la fin du mois de mai, apr\u00e8s le <strong>Giro<\/strong>.<\/p>\n<p>\u00ab\u00a0Ce n\u2019\u00e9tait pas ma seule possibilit\u00e9, mais la plus int\u00e9ressante, a expliqu\u00e9 <strong>Godon<\/strong> dans une interview donn\u00e9e \u00e0 <a href=\"https:\/\/www.cyclingnews.com\/pro-cycling\/teams-riders\/maybe-three-years-ago-i-didnt-want-to-go-now-im-excited-how-ineos-grenadiers-and-dorian-godon-became-the-perfect-match\/\" target=\"_blank\" rel=\"noreferrer noopener\">Cyclingnews<\/a>. \u00c0 un moment donn\u00e9, je ne m\u2019attendais pas \u00e0 aller chez INEOS Grenadiers, mais maintenant il y aura trois coureurs fran\u00e7ais, donc ce sera agr\u00e9able d\u2019avoir une touche fran\u00e7aise dans une \u00e9quipe britannique.\u00a0\u00bb<\/p>\n<p>Dorian Godon n\u2019aurait jamais imaginer sign\u00e9 chez INEOS Grenadiers<\/p>\n<p><strong>Dorian Godon <\/strong>a continu\u00e9 : \u00ab\u00a0INEOS Grenadiers est un projet passionnant pour moi. J\u2019ai toujours dit que je voulais courir dans une \u00e9quipe \u00e9trang\u00e8re, en tant que cycliste fran\u00e7ais ayant \u00e9volu\u00e9 dans des \u00e9quipes fran\u00e7aises pendant 10 ans. Je souhaite d\u00e9couvrir une nouvelle \u00e9quipe, et celle-ci est l\u2019une des plus professionnelles.\u00a0\u00bb<\/p>\n<p>Cependant, rien ne laissait pr\u00e9sager l\u2019arriv\u00e9e de <strong>Dorian Godon<\/strong> au sein de la formation britannique. Tr\u00e8s orient\u00e9e \u00ab\u00a0classement g\u00e9n\u00e9ral\u00a0\u00bb, l\u2019\u00e9quipe <strong><a href=\"https:\/\/www.total-velo.com\/equipe-wtt-ineos-grenadiers-2026\/\" target=\"_blank\" rel=\"noopener\">INEOS Grenadiers<\/a><\/strong> n\u2019\u00e9tait pas dans les plans du Fran\u00e7ais. \u00ab\u00a0Il y a peut-\u00eatre trois ans, je n\u2019aurais pas eu envie d\u2019y aller, mais maintenant je suis tr\u00e8s enthousiaste, car ils ont un peu modifi\u00e9 leur strat\u00e9gie. Ils sont plus offensifs et peut-\u00eatre plus attractifs.\u00a0\u00bb<\/p>\n<p>        <script async src=\"https:\/\/platform.twitter.com\/widgets.js\" charset=\"utf-8\"><\/script><\/p>\n","protected":false},"excerpt":{"rendered":"Dorian Godon \u00e0 propos d&rsquo;INEOS Grenadiers : \u00ab\u00a0Il y a trois ans, je n&rsquo;aurais pas eu envie d&rsquo;y&hellip;\n","protected":false},"author":2,"featured_media":555800,"comment_status":"","ping_status":"","sticky":false,"template":"","format":"standard","meta":{"footnotes":""},"categories":[1586],"tags":[11,1777,674,1779,1011,27,12,25,1778,364],"class_list":{"0":"post-555799","1":"post","2":"type-post","3":"status-publish","4":"format-standard","5":"has-post-thumbnail","7":"category-europe","8":"tag-actualites","9":"tag-eu","10":"tag-europe","11":"tag-european-union","12":"tag-fr","13":"tag-france","14":"tag-news","15":"tag-republique-francaise","16":"tag-ue","17":"tag-union-europeenne"},"share_on_mastodon":{"url":"https:\/\/pubeurope.com\/@fr\/115605776386478875","error":""},"_links":{"self":[{"href":"https:\/\/www.europesays.com\/fr\/wp-json\/wp\/v2\/posts\/555799","targetHints":{"allow":["GET"]}}],"collection":[{"href":"https:\/\/www.europesays.com\/fr\/wp-json\/wp\/v2\/posts"}],"about":[{"href":"https:\/\/www.europesays.com\/fr\/wp-json\/wp\/v2\/types\/post"}],"author":[{"embeddable":true,"href":"https:\/\/www.europesays.com\/fr\/wp-json\/wp\/v2\/users\/2"}],"replies":[{"embeddable":true,"href":"https:\/\/www.europesays.com\/fr\/wp-json\/wp\/v2\/comments?post=555799"}],"version-history":[{"count":0,"href":"https:\/\/www.europesays.com\/fr\/wp-json\/wp\/v2\/posts\/555799\/revisions"}],"wp:featuredmedia":[{"embeddable":true,"href":"https:\/\/www.europesays.com\/fr\/wp-json\/wp\/v2\/media\/555800"}],"wp:attachment":[{"href":"https:\/\/www.europesays.com\/fr\/wp-json\/wp\/v2\/media?parent=555799"}],"wp:term":[{"taxonomy":"category","embeddable":true,"href":"https:\/\/www.europesays.com\/fr\/wp-json\/wp\/v2\/categories?post=555799"},{"taxonomy":"post_tag","embeddable":true,"href":"https:\/\/www.europesays.com\/fr\/wp-json\/wp\/v2\/tags?post=555799"}],"curies":[{"name":"wp","href":"https:\/\/api.w.org\/{rel}","templated":true}]}}