{"id":555801,"date":"2025-11-24T17:08:11","date_gmt":"2025-11-24T17:08:11","guid":{"rendered":"https:\/\/www.europesays.com\/fr\/555801\/"},"modified":"2025-11-24T17:08:11","modified_gmt":"2025-11-24T17:08:11","slug":"savoie-une-coulee-de-boue-coupe-les-rails-et-la-route-entre-chambery-et-albertville-deux-habitants-evacues","status":"publish","type":"post","link":"https:\/\/www.europesays.com\/fr\/555801\/","title":{"rendered":"Savoie\u00a0: une coul\u00e9e de boue coupe les rails et la route entre Chamb\u00e9ry et Albertville, deux habitants \u00e9vacu\u00e9s"},"content":{"rendered":"<p>Une coul\u00e9e de boue est survenue dans la nuit de dimanche \u00e0 lundi \u00e0 Fr\u00e9terive en Combe de Savoie. Elle a comme cons\u00e9quence l&rsquo;interruption totale du trafic SNCF entre Chamb\u00e9ry et Albertville jusqu&rsquo;\u00e0 nouvel ordre. La RD201 est \u00e9galement coup\u00e9e. Deux habitants ont \u00e9t\u00e9 \u00e9vacu\u00e9s.<\/p>\n<p>Plus aucun train ne circule ce lundi matin entre Chamb\u00e9ry et Albertville, <strong>en raison d&rsquo;une coul\u00e9e de boue qui s&rsquo;est produite dans la nuit<\/strong> \u00e0 Fr\u00e9terive en Combe de Savoie.\u00a0La voie SNCF est impact\u00e9e dans les deux sens. Ce matin \u00e0 8h, il y avait jusqu&rsquo;\u00e0 un m\u00e8tre d&rsquo;eau contre le remblai de la voie ferr\u00e9e.\u00a0Les \u00e9quipes sp\u00e9cialis\u00e9es de SNCF R\u00e9seau sont mobilis\u00e9es. <strong>Des cars de substitution ont \u00e9t\u00e9 mis en place.<\/strong><\/p>\n<p>loading<\/p>\n<p>Trois habitations touch\u00e9es<\/p>\n<p>C\u00f4t\u00e9 route, <strong>la RD201 et un chemin \u00e0 proximit\u00e9 (chemin des Pilettes) ont \u00e9t\u00e9 ferm\u00e9s<\/strong> \u00e0 la circulation.\u00a0Cette coul\u00e9e de boue a touch\u00e9 trois habitations\u00a0: une seule a \u00e9t\u00e9 inond\u00e9e. <strong>Apr\u00e8s avoir \u00e9t\u00e9 confin\u00e9s jusqu&rsquo;au petit matin<\/strong>, ses deux occupants, un couple, ont \u00e9t\u00e9 \u00e9vacu\u00e9s. \u00ab\u00a0J&rsquo;ai entendu le bruit des pierres au rez-de-chauss\u00e9e vers 3 heures du matin, et quand j&rsquo;ai ouvert la porte, la boue est entr\u00e9e, je suis tomb\u00e9, je me suis relev\u00e9 et je suis remont\u00e9 \u00e0 l&rsquo;\u00e9tage pr\u00e9venir ma femme\u00a0\u00bb, explique Alain Gayet, l&rsquo;un des deux \u00e9vacu\u00e9s, d\u00e9sormais en s\u00e9curit\u00e9 \u00e0 la mairie.<\/p>\n<p>Dans son jardin, la boue a tout recouvert, les vignes ont disparu sous la coul\u00e9e. Le propri\u00e9taire d&rsquo;une entreprise de taxi stocke plusieurs v\u00e9hicules chez lui. \u00ab\u00a0Certains sont bloqu\u00e9s dans mon garage, mon van est embourb\u00e9 jusqu&rsquo;aux vitres\u00a0\u00bb, t\u00e9moigne Alain, qui tentait ce lundi matin de joindre son assurance. Une pelleteuse \u00e9tait d\u00e9j\u00e0 sur place pour d\u00e9gager l&rsquo;acc\u00e8s jusqu&rsquo;\u00e0 sa maison.<\/p>\n<p>\u00ab\u00a0Tout le monde est en s\u00e9curit\u00e9, c&rsquo;est le principal\u00a0\u00bb, indique la maire de Fr\u00e9terive, Eve Buevoz, qui ajoute\u00a0: \u00ab\u00a0On va devoir renforcer les ouvrages pour pr\u00e9venir ce genre de d\u00e9bordements, cela va peser sur notre budget, donc on esp\u00e8re avoir rapidement des nouvelles pour obtenir une aide de l&rsquo;\u00c9tat.\u00a0\u00bb<\/p>\n","protected":false},"excerpt":{"rendered":"Une coul\u00e9e de boue est survenue dans la nuit de dimanche \u00e0 lundi \u00e0 Fr\u00e9terive en Combe de&hellip;\n","protected":false},"author":2,"featured_media":555802,"comment_status":"","ping_status":"","sticky":false,"template":"","format":"standard","meta":{"footnotes":""},"categories":[2],"tags":[11,1011,27,12,25],"class_list":{"0":"post-555801","1":"post","2":"type-post","3":"status-publish","4":"format-standard","5":"has-post-thumbnail","7":"category-actualites","8":"tag-actualites","9":"tag-fr","10":"tag-france","11":"tag-news","12":"tag-republique-francaise"},"share_on_mastodon":{"url":"https:\/\/pubeurope.com\/@fr\/115605779510978735","error":""},"_links":{"self":[{"href":"https:\/\/www.europesays.com\/fr\/wp-json\/wp\/v2\/posts\/555801","targetHints":{"allow":["GET"]}}],"collection":[{"href":"https:\/\/www.europesays.com\/fr\/wp-json\/wp\/v2\/posts"}],"about":[{"href":"https:\/\/www.europesays.com\/fr\/wp-json\/wp\/v2\/types\/post"}],"author":[{"embeddable":true,"href":"https:\/\/www.europesays.com\/fr\/wp-json\/wp\/v2\/users\/2"}],"replies":[{"embeddable":true,"href":"https:\/\/www.europesays.com\/fr\/wp-json\/wp\/v2\/comments?post=555801"}],"version-history":[{"count":0,"href":"https:\/\/www.europesays.com\/fr\/wp-json\/wp\/v2\/posts\/555801\/revisions"}],"wp:featuredmedia":[{"embeddable":true,"href":"https:\/\/www.europesays.com\/fr\/wp-json\/wp\/v2\/media\/555802"}],"wp:attachment":[{"href":"https:\/\/www.europesays.com\/fr\/wp-json\/wp\/v2\/media?parent=555801"}],"wp:term":[{"taxonomy":"category","embeddable":true,"href":"https:\/\/www.europesays.com\/fr\/wp-json\/wp\/v2\/categories?post=555801"},{"taxonomy":"post_tag","embeddable":true,"href":"https:\/\/www.europesays.com\/fr\/wp-json\/wp\/v2\/tags?post=555801"}],"curies":[{"name":"wp","href":"https:\/\/api.w.org\/{rel}","templated":true}]}}