{"id":555807,"date":"2025-11-24T17:13:16","date_gmt":"2025-11-24T17:13:16","guid":{"rendered":"https:\/\/www.europesays.com\/fr\/555807\/"},"modified":"2025-11-24T17:13:16","modified_gmt":"2025-11-24T17:13:16","slug":"bru-va-laisser-quelques-internationaux-au-repos-dautres-sollicites-des-ce-week-end","status":"publish","type":"post","link":"https:\/\/www.europesays.com\/fr\/555807\/","title":{"rendered":"Bru va laisser quelques internationaux au repos, d\u2019autres sollicit\u00e9s d\u00e8s ce week-end"},"content":{"rendered":"<p>Yannick Bru l\u2019avait annonc\u00e9 d\u00e8s le coup de sifflet final. Apr\u00e8s le revers surprise <a href=\"https:\/\/www.quinzemondial.com\/top-14\/top-14-lubb-loupe-le-coche-pau-et-toulouse-font-des-gros-coupsles-enseignements-de-la-10eme-journee-820700\" target=\"_blank\" rel=\"noopener\">de l\u2019Union Bordeaux-B\u00e8gles \u00e0 domicile face \u00e0 Pau<\/a>, le technicien s\u2019inqui\u00e9tait de la gestion des internationaux au sortir de la tourn\u00e9e de novembre. Il doit en effet leur donner une semaine de vacances prochainement et va jongler entre les diff\u00e9rentes absences.<\/p>\n<p>Bielle-Biarrey, Penaud et Page-Relo au repos<\/p>\n<p>Selon les informations de <a href=\"https:\/\/www.sudouest.fr\/sport\/rugby\/bordeaux-begles\/union-bordeaux-begles-ubb-les-internationaux-dans-le-groupe-pour-montpellier-26836698.php\" target=\"_blank\" rel=\"noopener\">Sud Ouest,<\/a> Martin Page-Relo, Damian Penaud et Louis Bielle-Biarrey vont \u00eatre laiss\u00e9s au repos cette semaine. Les trois joueurs ont<a href=\"https:\/\/www.quinzemondial.com\/xv-de-france\/xv-de-france-des-cadres-en-retrait-des-jeunes-talents-prometteursles-gagnants-et-les-perdants-de-la-tournee-820692\" target=\"_blank\" rel=\"noopener\"> encha\u00een\u00e9 les tests internationaux<\/a>, avec le XV de France et l\u2019Italie.<\/p>\n<p>En revanche, Yannick Bru a d\u00e9cid\u00e9 de faire encha\u00eener plusieurs autres hommes forts. Maxime Lucu sera sur le pont apr\u00e8s avoir manqu\u00e9 le d\u00e9but de saison, ce qui peut sembler logique. Il en va de m\u00eame pour Maxime Lamothe, d\u00e9terminant lors de ses deux premi\u00e8res capes avec le XV de France et dont la pr\u00e9sence est encore plus indispensable avec la blessure de Connor Sa.<\/p>\n<p>En revanche,<a href=\"https:\/\/www.quinzemondial.com\/xv-de-france\/ubb-bru-salue-le-retour-en-forme-de-depoortere-et-explique-ce-qui-a-change-cette-saison-820696\" target=\"_blank\" rel=\"noopener\"> le cas de Nicolas Depoortere peut interpeller<\/a>. D\u00e9j\u00e0 extr\u00eamement sollicit\u00e9 en d\u00e9but de saison suite aux blessures de Moefana ou Van Rensburg, le centre a disput\u00e9 les deux derniers tests du XV de France, lors desquels il a brill\u00e9. Il devra encore patienter pour profiter d\u2019un peu de repos puisqu\u2019il fera le<a href=\"https:\/\/www.quinzemondial.com\/top-14\/ubb-pour-poirot-le-club-a-du-digerer-le-titre-et-est-arrive-avec-trop-de-confiance-820706\" target=\"_blank\" rel=\"noopener\"> d\u00e9placement \u00e0 Montpellier<\/a>. Les Girondins veulent frapper un grand coup contre le MHR apr\u00e8s avoir perdu du terrain \u00e0 Chaban Delmas.<\/p>\n<p>Partagez cette info avec vos amis et vos proches en cliquant ici<br \/>Pour r\u00e9sumer<\/p>\n<p>Selon les informations de Sud Ouest, Yannick Bru a d\u00e9cid\u00e9 de laisser trois internationaux au repos cette semaine. En revanche, d\u2019autres joueurs vont encha\u00eener \u00e0 Montpellier alors que l\u2019UBB veut se racheter suite \u00e0 sa d\u00e9faite \u00e0 domicile contre Pau.<\/p>\n<p> <img decoding=\"async\" width=\"76\" height=\"76\" loading=\"lazy\" src=\"https:\/\/www.europesays.com\/fr\/wp-content\/uploads\/2025\/04\/avatar-quinze.png\" alt=\"Arnaud D\u00e9chelotte\"\/><\/p>\n","protected":false},"excerpt":{"rendered":"Yannick Bru l\u2019avait annonc\u00e9 d\u00e8s le coup de sifflet final. Apr\u00e8s le revers surprise de l\u2019Union Bordeaux-B\u00e8gles \u00e0&hellip;\n","protected":false},"author":2,"featured_media":555808,"comment_status":"","ping_status":"","sticky":false,"template":"","format":"standard","meta":{"footnotes":""},"categories":[1416],"tags":[1011,27,479,1468,60,478,513],"class_list":{"0":"post-555807","1":"post","2":"type-post","3":"status-publish","4":"format-standard","5":"has-post-thumbnail","7":"category-rugby","8":"tag-fr","9":"tag-france","10":"tag-rugby","11":"tag-rugby-football","12":"tag-sports","13":"tag-top-14","14":"tag-xv-de-france"},"share_on_mastodon":{"url":"https:\/\/pubeurope.com\/@fr\/115605800164566392","error":""},"_links":{"self":[{"href":"https:\/\/www.europesays.com\/fr\/wp-json\/wp\/v2\/posts\/555807","targetHints":{"allow":["GET"]}}],"collection":[{"href":"https:\/\/www.europesays.com\/fr\/wp-json\/wp\/v2\/posts"}],"about":[{"href":"https:\/\/www.europesays.com\/fr\/wp-json\/wp\/v2\/types\/post"}],"author":[{"embeddable":true,"href":"https:\/\/www.europesays.com\/fr\/wp-json\/wp\/v2\/users\/2"}],"replies":[{"embeddable":true,"href":"https:\/\/www.europesays.com\/fr\/wp-json\/wp\/v2\/comments?post=555807"}],"version-history":[{"count":0,"href":"https:\/\/www.europesays.com\/fr\/wp-json\/wp\/v2\/posts\/555807\/revisions"}],"wp:featuredmedia":[{"embeddable":true,"href":"https:\/\/www.europesays.com\/fr\/wp-json\/wp\/v2\/media\/555808"}],"wp:attachment":[{"href":"https:\/\/www.europesays.com\/fr\/wp-json\/wp\/v2\/media?parent=555807"}],"wp:term":[{"taxonomy":"category","embeddable":true,"href":"https:\/\/www.europesays.com\/fr\/wp-json\/wp\/v2\/categories?post=555807"},{"taxonomy":"post_tag","embeddable":true,"href":"https:\/\/www.europesays.com\/fr\/wp-json\/wp\/v2\/tags?post=555807"}],"curies":[{"name":"wp","href":"https:\/\/api.w.org\/{rel}","templated":true}]}}