{"id":555811,"date":"2025-11-24T17:18:11","date_gmt":"2025-11-24T17:18:11","guid":{"rendered":"https:\/\/www.europesays.com\/fr\/555811\/"},"modified":"2025-11-24T17:18:11","modified_gmt":"2025-11-24T17:18:11","slug":"morlaix-cyclisme-performance-leffectif-2026-actualite","status":"publish","type":"post","link":"https:\/\/www.europesays.com\/fr\/555811\/","title":{"rendered":"Morlaix Cyclisme Performance : L\u2019effectif 2026 &#8211; Actualit\u00e9"},"content":{"rendered":"<p style=\"text-align: justify;\">Ils sont 22 coureurs \u00e0 composer l&rsquo;effectif 2026 de <strong><a href=\"https:\/\/www.directvelo.com\/equipe\/4696\/morlaix-cyclisme-performance\" target=\"_blank\" rel=\"noopener\">Morlaix Cyclisme Performance<\/a><\/strong>. Le club finist\u00e9rien accueille sept recrues.\u00a0<br \/>En 2025,\u00a0Morlaix Cyclisme Performance a termin\u00e9 9e du Challenge DirectVelo des N3 et a remport\u00e9 la Coupe de France N3.<\/p>\n<p><strong>L\u2019effectif 2026 de Morlaix Cyclisme Performance :<\/strong><br \/>Rapha\u00ebl Cadiou, 28 ans<br \/>Noa Cajean, 22 ans<br \/>Nicolas Claustre, 27 ans<br \/>Lucas Cogen, 19 ans (Team C\u00f4te de Granit Rose)<br \/>Julien Collet, 39 ans<br \/>Elouan Cornec, 22 ans<br \/>Elouan Dol\u00e9dec, 21 ans (Dinan Sport Cycling)<br \/>Enzo Gouzouguen, 21 ans<br \/>Vincent Guelou, 30 ans<br \/>Ewen Kerjean, 22 ans<br \/>Tristan Klewais, 20 ans (Team LMP-La Roche Vend\u00e9e Cyclisme)<br \/>Cl\u00e9ment Laporte, 21 ans (Top 16 Cyclisme)<br \/>Flavien Laurent, 24 ans<br \/>Kenan Le Nadan, 21 ans (UC Quimperloise)<br \/>Corentin Loridan, 23 ans<br \/>Adrien Malgorn, 22 ans<br \/>Dylan Morin, 24 ans<br \/>Alan Moulin, 25 ans (UCK Vannes Bretagne Sud Cyclisme)<br \/>Elian Qu\u00e9r\u00e9, 19 ans (Team C\u00f4te de Granit Rose)<br \/>Mathis Reboul Ollierou, 21 ans<br \/>Maxime Rouxel, 22 ans<br \/>Fran\u00e7ois Toullec, 31 ans<\/p>\n<p>Les principaux d\u00e9parts : Adrien Chipault (Team C\u00f4te de Granit Rose), Gabriel Gar\u00e7on (Moyon Percy Manche Normandie) et Ronan Grosset (Dynamic Club Qu\u00e9dillac).<\/p>\n","protected":false},"excerpt":{"rendered":"Ils sont 22 coureurs \u00e0 composer l&rsquo;effectif 2026 de Morlaix Cyclisme Performance. Le club finist\u00e9rien accueille sept recrues.\u00a0En&hellip;\n","protected":false},"author":2,"featured_media":555812,"comment_status":"","ping_status":"","sticky":false,"template":"","format":"standard","meta":{"footnotes":""},"categories":[1411],"tags":[834,828,836,829,837,827,83,826,824,823,1154,207,814,817,815,816,822,821,832,211,839,1011,27,820,818,819,835,831,830,833,838,60,212,208,825],"class_list":{"0":"post-555811","1":"post","2":"type-post","3":"status-publish","4":"format-standard","5":"has-post-thumbnail","7":"category-cyclisme","8":"tag-attaque","9":"tag-belgique","10":"tag-braquet","11":"tag-bretagne","12":"tag-chute","13":"tag-competition","14":"tag-coupe-de-france","15":"tag-coureur","16":"tag-course-cyclisme","17":"tag-course-cycliste","18":"tag-cycling","19":"tag-cyclisme","20":"tag-direct","21":"tag-direct-velo","22":"tag-directvelo","23":"tag-directvelo-com","24":"tag-epreuve","25":"tag-epreuve-cycliste","26":"tag-federation-francaise-de-cyclisme","27":"tag-ffc","28":"tag-flandres","29":"tag-fr","30":"tag-france","31":"tag-live","32":"tag-live-course","33":"tag-live-epreuve","34":"tag-peloton","35":"tag-radio-peloton","36":"tag-radio-tour","37":"tag-ravitaillement","38":"tag-relance","39":"tag-sports","40":"tag-uci","41":"tag-velo","42":"tag-velos"},"share_on_mastodon":{"url":"https:\/\/pubeurope.com\/@fr\/115605818885006048","error":""},"_links":{"self":[{"href":"https:\/\/www.europesays.com\/fr\/wp-json\/wp\/v2\/posts\/555811","targetHints":{"allow":["GET"]}}],"collection":[{"href":"https:\/\/www.europesays.com\/fr\/wp-json\/wp\/v2\/posts"}],"about":[{"href":"https:\/\/www.europesays.com\/fr\/wp-json\/wp\/v2\/types\/post"}],"author":[{"embeddable":true,"href":"https:\/\/www.europesays.com\/fr\/wp-json\/wp\/v2\/users\/2"}],"replies":[{"embeddable":true,"href":"https:\/\/www.europesays.com\/fr\/wp-json\/wp\/v2\/comments?post=555811"}],"version-history":[{"count":0,"href":"https:\/\/www.europesays.com\/fr\/wp-json\/wp\/v2\/posts\/555811\/revisions"}],"wp:featuredmedia":[{"embeddable":true,"href":"https:\/\/www.europesays.com\/fr\/wp-json\/wp\/v2\/media\/555812"}],"wp:attachment":[{"href":"https:\/\/www.europesays.com\/fr\/wp-json\/wp\/v2\/media?parent=555811"}],"wp:term":[{"taxonomy":"category","embeddable":true,"href":"https:\/\/www.europesays.com\/fr\/wp-json\/wp\/v2\/categories?post=555811"},{"taxonomy":"post_tag","embeddable":true,"href":"https:\/\/www.europesays.com\/fr\/wp-json\/wp\/v2\/tags?post=555811"}],"curies":[{"name":"wp","href":"https:\/\/api.w.org\/{rel}","templated":true}]}}