{"id":555818,"date":"2025-11-24T17:23:14","date_gmt":"2025-11-24T17:23:14","guid":{"rendered":"https:\/\/www.europesays.com\/fr\/555818\/"},"modified":"2025-11-24T17:23:14","modified_gmt":"2025-11-24T17:23:14","slug":"anais-grangerac-apres-the-voice-elle-chipe-encore-la-place-de-karine-ferri-pour-le-31-decembre","status":"publish","type":"post","link":"https:\/\/www.europesays.com\/fr\/555818\/","title":{"rendered":"Ana\u00efs Grangerac : apr\u00e8s \u00ab\u00a0The Voice\u00a0\u00bb, elle chipe encore la place de Karine Ferri pour le 31 d\u00e9cembre"},"content":{"rendered":"<p>Ana\u00efs Grangerac prend du galon. Depuis quelques ann\u00e9es \u00e0 pr\u00e9sent, la jeune animatrice voit TF1 lui faire confiance et lui proposer la co-animation de plusieurs programmes. Elle a par exemple pris la place d\u2019<a href=\"https:\/\/www.public.fr\/tag\/iris-mittenaere\" target=\"_blank\" rel=\"noopener\">Iris Mittenaere<\/a> dans <strong>\u00ab\u00a0Ninja Warrior\u00a0\u00bb,<\/strong> ainsi que celle de <a href=\"https:\/\/www.public.fr\/tag\/karine-ferri\" target=\"_blank\" rel=\"noopener\">Karine Ferri<\/a> dans <strong>\u00ab\u00a0The Voice\u00a0\u00bb<\/strong>.\u00a0<\/p>\n<p>De plus, chaque matin, les t\u00e9l\u00e9spectateurs de TF1 peuvent la retrouver dans la matinale de <a href=\"https:\/\/vsd.fr\/tag\/bruce-toussaint\/\" target=\"_blank\" rel=\"noopener\">Bruce Toussaint<\/a>, <strong>\u00ab\u00a0Bonjour !\u00a0\u00bb<\/strong>, depuis le lancement du programme. D\u00e9sormais, <strong>elle va \u00e9galement co-animer un autre programme embl\u00e9matique de la Une<\/strong>, aux c\u00f4t\u00e9s de <a href=\"https:\/\/www.public.fr\/tag\/christophe-beaugrand\" target=\"_blank\" rel=\"noopener\">Christophe Beaugrand<\/a> comme l\u2019indique le journaliste Nicolas Malab\u0153uf. Une place qui \u00e9tait autrefois r\u00e9serv\u00e9e \u00e0 Karine Ferri.<\/p>\n<p>Sauf que cette derni\u00e8re ne fait d\u00e9sormais plus partie du groupe TF1. En effet, le 28 juillet dernier, la compagne de Yoann Gourcuff, confirmait une information d\u00e9voil\u00e9e par T\u00e9l\u00e9-Loisirs indiquant qu\u2019elle s\u2019appr\u00eatait \u00e0 <a href=\"https:\/\/www.public.fr\/karine-ferri-choc-lanimatrice-claque-la-porte-de-tf1-apres-13-ans-dantenne\" target=\"_blank\" rel=\"noopener\">quitter le groupe<\/a> apr\u00e8s 13 ans de bons et loyaux services.<\/p>\n<p>Karine Ferri claque la porte de TF1<\/p>\n<p>\u00ab\u00a0Apr\u00e8s\u00a0<strong>13 ann\u00e9es riches, intenses et profond\u00e9ment formatrices<\/strong>, j\u2019ai d\u00e9cid\u00e9 de quitter le groupe TF1 et de<strong>\u00a0relever un nouveau challenge en tournant cette page importante de ma carri\u00e8re professionnelle.<\/strong>\u00a0Ces ann\u00e9es m\u2019ont permis de grandir, d\u2019apprendre, de relever de beaux d\u00e9fis et de collaborer avec des personnes talentueuses et inspirantes, qui m\u2019ont profond\u00e9ment nourrie\u00a0\u00bb, confirmait la \u00ab\u00a0rivale\u00a0\u00bb d&rsquo;Ana\u00efs Grangerac sur son compte Instagram.<\/p>\n<p>Depuis, celle-ci officie chez RMC, plus pr\u00e9cis\u00e9ment pour la cha\u00eene RMC Life, sur laquelle elle pr\u00e9sente plusieurs documentaires en prime time : <strong>\u00ab\u00a0Naissances extraordinaires au zoo\u00a0\u00bb, \u00ab\u00a0Ma famille extra(ordinaire)\u00a0\u00bb<\/strong>, ou encore <strong>\u00ab\u00a0100\u00a0jours \u00e0 la maternit\u00e9\u00a0\u00bb<\/strong>. Des documentaires qui n\u2019explosent pas les scores en termes d\u2019audience.\u00a0<\/p>\n<p>Le d\u00e9part de Karine Ferri profite n\u00e9anmoins \u00e0 Ana\u00efs Grangerac. En effet, comme \u00e9voqu\u00e9, en plus d\u2019avoir <a href=\"https:\/\/www.public.fr\/anais-grangerac-remplace-karine-ferri-dans-the-voice-jadore\" target=\"_blank\" rel=\"noopener\">pris la place de sa cons\u0153ur dans <strong>\u00ab\u00a0The Voice\u00a0\u00bb<\/strong><\/a>, la jeune animatrice va d\u00e9sormais pr\u00e9senter un programme embl\u00e9matique de TF1, que l\u2019on retrouve \u00e0 chaque fin d\u2019ann\u00e9e.\u00a0<\/p>\n<p>Sa \u00ab\u00a0rivale\u00a0\u00bb, Ana\u00efs Grangerac, en profite et prend la t\u00eate de plusieurs programmes qu&rsquo;elle pr\u00e9sentait<\/p>\n<p>Aux commandes du<strong> \u00ab\u00a0Grand b\u00eatisier de No\u00ebl\u00a0\u00bb<\/strong> sur TMC depuis quelques ann\u00e9es, elle va d\u00e9sormais s\u2019occuper de la version du \u00ab\u00a031 d\u00e9cembre\u00a0\u00bb comme vient de l\u2019annoncer notre confr\u00e8re Nicolas Malab\u0153uf : \u00ab\u00a0D\u00e9part de Karine Ferri : <strong>Ana\u00efs Grangerac\u00a0 choisie \u00e0 la co-pr\u00e9sentation du \u2018Grand B\u00eatisier du 31\u2019 <\/strong>avec Christophe Beaugrand pour la derni\u00e8re soir\u00e9e de l\u2019ann\u00e9e sur TF1 !\u00a0\u00bb. Une nouvelle opportunit\u00e9 qui va faire ressurgir les rumeurs de rivalit\u00e9 entre les deux animatrices.<\/p>\n<p><a href=\"https:\/\/www.public.fr\/karine-ferri-evincee-de-the-voice-sa-remplacante-anais-grangerac-fait-le-point-sur-leur-rivalite\" target=\"_blank\" rel=\"noopener\">Des rumeurs qu\u2019Ana\u00efs Grangerac a pourtant balay\u00e9 d\u2019un revers de main<\/a> au cours d\u2019un entretien accord\u00e9 \u00e0 Cin\u00e9 T\u00e9l\u00e9 Revue en mars dernier. \u00ab\u00a0\u00a0\u00bbOn se conna\u00eet en tant que coll\u00e8gues, nous avons d\u00e9j\u00e0 travaill\u00e9 ensemble sur des tournages. Il n&rsquo;y a pas vraiment eu de passages de relais. \u00c7a fait quand m\u00eame plus de cinq ans qu&rsquo;elle a chang\u00e9 de poste. On est en tr\u00e8s bons termes\u00a0avec Karine Ferri, bien que\u00a0certains essaient de cr\u00e9er une rivalit\u00e9 entre [elles], mais il n&rsquo;y a aucune raison que ce soit le cas\u00a0\u00bb, assurait-elle.\u00a0<\/p>\n<p>\n          Hits &amp; People en continu\n        <\/p>\n<p>\n          Public Radio\n        <\/p>\n<p>      Mentionn\u00e9s dans cet article<\/p>\n<p>      Sur le m\u00eame sujet<\/p>\n","protected":false},"excerpt":{"rendered":"Ana\u00efs Grangerac prend du galon. Depuis quelques ann\u00e9es \u00e0 pr\u00e9sent, la jeune animatrice voit TF1 lui faire confiance&hellip;\n","protected":false},"author":2,"featured_media":555819,"comment_status":"","ping_status":"","sticky":false,"template":"","format":"standard","meta":{"footnotes":""},"categories":[1356],"tags":[6779,5410,58,59,1011,27,36612,10319,252,199,1364],"class_list":{"0":"post-555818","1":"post","2":"type-post","3":"status-publish","4":"format-standard","5":"has-post-thumbnail","7":"category-television","8":"tag-bruce-toussaint","9":"tag-christophe-beaugrand","10":"tag-divertissement","11":"tag-entertainment","12":"tag-fr","13":"tag-france","14":"tag-karine-ferri","15":"tag-rmc","16":"tag-television","17":"tag-tf1","18":"tag-tv"},"share_on_mastodon":{"url":"https:\/\/pubeurope.com\/@fr\/115605838573830176","error":""},"_links":{"self":[{"href":"https:\/\/www.europesays.com\/fr\/wp-json\/wp\/v2\/posts\/555818","targetHints":{"allow":["GET"]}}],"collection":[{"href":"https:\/\/www.europesays.com\/fr\/wp-json\/wp\/v2\/posts"}],"about":[{"href":"https:\/\/www.europesays.com\/fr\/wp-json\/wp\/v2\/types\/post"}],"author":[{"embeddable":true,"href":"https:\/\/www.europesays.com\/fr\/wp-json\/wp\/v2\/users\/2"}],"replies":[{"embeddable":true,"href":"https:\/\/www.europesays.com\/fr\/wp-json\/wp\/v2\/comments?post=555818"}],"version-history":[{"count":0,"href":"https:\/\/www.europesays.com\/fr\/wp-json\/wp\/v2\/posts\/555818\/revisions"}],"wp:featuredmedia":[{"embeddable":true,"href":"https:\/\/www.europesays.com\/fr\/wp-json\/wp\/v2\/media\/555819"}],"wp:attachment":[{"href":"https:\/\/www.europesays.com\/fr\/wp-json\/wp\/v2\/media?parent=555818"}],"wp:term":[{"taxonomy":"category","embeddable":true,"href":"https:\/\/www.europesays.com\/fr\/wp-json\/wp\/v2\/categories?post=555818"},{"taxonomy":"post_tag","embeddable":true,"href":"https:\/\/www.europesays.com\/fr\/wp-json\/wp\/v2\/tags?post=555818"}],"curies":[{"name":"wp","href":"https:\/\/api.w.org\/{rel}","templated":true}]}}