{"id":555822,"date":"2025-11-24T17:25:26","date_gmt":"2025-11-24T17:25:26","guid":{"rendered":"https:\/\/www.europesays.com\/fr\/555822\/"},"modified":"2025-11-24T17:25:26","modified_gmt":"2025-11-24T17:25:26","slug":"hunger-games-6-la-premiere-bande-annonce-nous-fait-deja-trembler","status":"publish","type":"post","link":"https:\/\/www.europesays.com\/fr\/555822\/","title":{"rendered":"Hunger Games 6\u00a0: la premi\u00e8re bande-annonce nous fait d\u00e9j\u00e0 trembler"},"content":{"rendered":"<p>En\u00a02023, on d\u00e9couvrait le premier pr\u00e9quel de la c\u00e9l\u00e8bre franchise Hunger Games. <a href=\"https:\/\/www.rtbf.be\/article\/prequel-de-hunger-games-un-nouveau-teaser-fait-monter-la-pression-11100066\" target=\"_blank\" rel=\"noopener\">La Ballade du Serpent et de l\u2019Oiseau Chanteur\u00a0se d\u00e9roulait\u00a060 ans avant la trilogie dont Katniss Everdeen \u00e9tait l\u2019h\u00e9ro\u00efne. <\/a>Pour\u00a02026, Lionsgate nous donne cette fois rendez-vous 24 ans avant les \u00e9v\u00e9nements du premier film. Dans Lever de Soleil sur la Moisson, on suit l\u2019adolescent Haymitch Abernathy (Joseph Zada) contraint de participer\u00a0\u00e0 la 50e \u00e9dition des Jeux, le dangereux \u00ab\u00a0Second Quarter Quell\u00a0\u00bb, alors qu\u2019il ne pense qu\u2019\u00e0 la fille qu\u2019il aime. \u00ab\u00a0Mais lorsqu\u2019il est appel\u00e9, tous ses r\u00eaves s\u2019effondrent\u00a0\u00bb, r\u00e9v\u00e8le le synopsis.<\/p>\n<p>Une premi\u00e8re bande-annonce de ce\u00a0sixi\u00e8me film de la saga r\u00e9alis\u00e9e par Francis Lawrence\u00a0vient d\u2019\u00eatre mise en ligne. Et celle-ci promet d\u00e9j\u00e0 un grand spectacle. Pour beaucoup de fans, ces images semblent indiquer une rupture avec les longs-m\u00e9trages pr\u00e9c\u00e9dents, m\u00ealant \u00e0 la fois une ambiance plus sombre \u00e0 des d\u00e9cors plus color\u00e9s.<\/p>\n<p>Pr\u00e8s de 15 ans apr\u00e8s son lancement, l\u2019engouement autour de la franchise semble encore \u00eatre intact. Lionsgate a enregistr\u00e9 le deuxi\u00e8me plus grand lancement de bande-annonce de son histoire gr\u00e2ce \u00e0 ce teaser de Hunger Games. En 24\u00a0heures, elle a \u00e9t\u00e9 vue plus de 109\u00a0millions de fois.<\/p>\n<p>En dehors des deux protagonistes, Joseph Zada (Haymitch Abernath) et Whitney Peak (Lenore Dove Baird), le\u00a0casting de ce nouveau volet\u00a0r\u00e9unit de nombreuses t\u00eates connues\u00a0: <a href=\"https:\/\/www.rtbf.be\/article\/elle-fanning-se-confie-sur-son-role-d-effie-trinket-dans-le-prochain-hunger-games-decroche-selon-elle-grace-au-pressing-des-fans-11582250\" target=\"_blank\" rel=\"noopener\">Elle Fanning incarne Effie Trinquet<\/a>, Jesse Plemons dans le r\u00f4le du jeune Plutarch, Ralph Fiennes dans la peau du pr\u00e9sident Snow, Maya Hawake en Wiress, Kieran Culkin\u00a0en\u00a0Caesar Flickerman\u00a0ou encore\u00a0Glenn Close en Drusilla Sickle. Un film \u00e0 d\u00e9couvrir le\u00a025\u00a0novembre 2026 dans les salles.<\/p>\n","protected":false},"excerpt":{"rendered":"En\u00a02023, on d\u00e9couvrait le premier pr\u00e9quel de la c\u00e9l\u00e8bre franchise Hunger Games. La Ballade du Serpent et de&hellip;\n","protected":false},"author":2,"featured_media":555823,"comment_status":"","ping_status":"","sticky":false,"template":"","format":"standard","meta":{"footnotes":""},"categories":[1354],"tags":[58,59,1346,1011,27,1360],"class_list":{"0":"post-555822","1":"post","2":"type-post","3":"status-publish","4":"format-standard","5":"has-post-thumbnail","7":"category-films","8":"tag-divertissement","9":"tag-entertainment","10":"tag-films","11":"tag-fr","12":"tag-france","13":"tag-movies"},"share_on_mastodon":{"url":"https:\/\/pubeurope.com\/@fr\/115605846365438448","error":""},"_links":{"self":[{"href":"https:\/\/www.europesays.com\/fr\/wp-json\/wp\/v2\/posts\/555822","targetHints":{"allow":["GET"]}}],"collection":[{"href":"https:\/\/www.europesays.com\/fr\/wp-json\/wp\/v2\/posts"}],"about":[{"href":"https:\/\/www.europesays.com\/fr\/wp-json\/wp\/v2\/types\/post"}],"author":[{"embeddable":true,"href":"https:\/\/www.europesays.com\/fr\/wp-json\/wp\/v2\/users\/2"}],"replies":[{"embeddable":true,"href":"https:\/\/www.europesays.com\/fr\/wp-json\/wp\/v2\/comments?post=555822"}],"version-history":[{"count":0,"href":"https:\/\/www.europesays.com\/fr\/wp-json\/wp\/v2\/posts\/555822\/revisions"}],"wp:featuredmedia":[{"embeddable":true,"href":"https:\/\/www.europesays.com\/fr\/wp-json\/wp\/v2\/media\/555823"}],"wp:attachment":[{"href":"https:\/\/www.europesays.com\/fr\/wp-json\/wp\/v2\/media?parent=555822"}],"wp:term":[{"taxonomy":"category","embeddable":true,"href":"https:\/\/www.europesays.com\/fr\/wp-json\/wp\/v2\/categories?post=555822"},{"taxonomy":"post_tag","embeddable":true,"href":"https:\/\/www.europesays.com\/fr\/wp-json\/wp\/v2\/tags?post=555822"}],"curies":[{"name":"wp","href":"https:\/\/api.w.org\/{rel}","templated":true}]}}