{"id":555828,"date":"2025-11-24T17:28:15","date_gmt":"2025-11-24T17:28:15","guid":{"rendered":"https:\/\/www.europesays.com\/fr\/555828\/"},"modified":"2025-11-24T17:28:15","modified_gmt":"2025-11-24T17:28:15","slug":"tres-agace-patrick-bruel-repond-sechement-aux-critiques-sur-sa-prestation","status":"publish","type":"post","link":"https:\/\/www.europesays.com\/fr\/555828\/","title":{"rendered":"tr\u00e8s agac\u00e9, Patrick Bruel r\u00e9pond s\u00e8chement aux critiques sur sa prestation"},"content":{"rendered":"<p class=\"app_entry_lead\">\n<p>                    <a title=\"\u00a0\u00a9\u00a0MPP\/SIPA (publi\u00e9e le 21\/11\/2025)\" href=\"https:\/\/www.europesays.com\/fr\/wp-content\/uploads\/2025\/11\/82941831.jpg\" class=\"fancy\"><\/p>\n<p>                            <img loading=\"lazy\" decoding=\"async\" src=\"https:\/\/www.europesays.com\/fr\/wp-content\/uploads\/2025\/11\/82941831.jpg\" alt=\"Menace imminente\u00a0: tr\u00e8s agac\u00e9, Patrick Bruel r\u00e9pond s\u00e8chement aux critiques sur sa prestation\" width=\"1500\" height=\"1000\"\/><\/p>\n<p>                    <\/a><\/p>\n<p>                Patrick Bruel tient le r\u00f4le principal de la s\u00e9rie \u00ab\u00a0Menace imminente\u00a0\u00bb, programm\u00e9e sur TF1.<\/p>\n<p><a class=\"app_edito_btn jtrackEditButton\" href=\"https:\/\/www.linternaute.com\/television\/programme-tnt\/\" target=\"_blank\" rel=\"noopener\">Programme TNT<\/a><\/p>\n<p><strong style=\"font-size: calc((15px * (1 \/ 16px)) * 1rem);\">TF1<\/strong>\u00a0| Lundi 24 novembre 2025, \u00e0 21h10<\/p>\n<p>C&rsquo;est la s\u00e9rie \u00e9v\u00e9nement de l&rsquo;automne sur TF1. Menace imminente est diffus\u00e9 depuis le 17 novembre sur la premi\u00e8re cha\u00eene, avec <a href=\"https:\/\/www.linternaute.fr\/musique\/biographie\/1777870-patrick-bruel-qui-sont-ses-fils-oscar-et-leon\/\" title=\"Patrick Bruel\" target=\"_blank\" rel=\"noopener\">Patrick Bruel<\/a> en guest-star. A 66\u00a0ans, le chanteur, qui vient tout juste d&rsquo;ouvrir un h\u00f4tel de luxe \u00e0 L&rsquo;Isle-sur-la-Sorgue, ajoute une autre corde \u00e0 son arc et s&rsquo;essaie pour la premi\u00e8re fois au genre, apr\u00e8s plusieurs apparitions au cin\u00e9ma. On se souvient notamment du remarquable L&rsquo;Union sacr\u00e9e d&rsquo;Alexandre Arcady, en 1989, dans lequel il incarnait un flic juif contraint de faire \u00e9quipe avec un policier arabe (Richard Berry) pour d\u00e9manteler un r\u00e9seau de trafiquants de drogue et d&rsquo;armes, tenu par des musulmans extr\u00e9mistes.<\/p>\n<p>Menace imminente rappellera \u00e0 ce titre quelques souvenirs aux fans\u00a0: pr\u00e8s de 36 ans plus tard, Patrick Bruel campe cette fois le colonel Zeev Abadi, v\u00e9ritable l\u00e9gende du renseignement isra\u00e9lien, sorti de sa retraite par l&rsquo;Unit\u00e9 8200, unit\u00e9 bel et bien r\u00e9elle dans l&rsquo;Etat h\u00e9breu, pour emp\u00eacher\u00a0un logiciel malveillant de provoquer une catastrophe. D\u00e9velopp\u00e9 par Tsahal ce dernier a \u00e9t\u00e9 utilis\u00e9 pour la premi\u00e8re fois sur le sol fran\u00e7ais pour provoquer un accident de voiture qui a co\u00fbt\u00e9 la vie \u00e0 un journaliste russe. Zeev Abadi va faire \u00e9quipe avec la capitaine Fleur Giroud (Natacha Lindinger, connue pour son r\u00f4le dans Sam)&#8230;<\/p>\n<p><img decoding=\"async\" alt=\"\" src=\"https:\/\/www.europesays.com\/fr\/wp-content\/uploads\/2025\/11\/82941887.png\"\/><br \/>\n\u00a9\u00a0Service de presse TF1<\/p>\n<p>Terrorisme, cybers\u00e9curit\u00e9, ressortissant russe assassin\u00e9, secrets de la d\u00e9fense isra\u00e9lienne&#8230; Dans Menace imminente, les sujets sensibles ne manquent pas. Ce qui n&rsquo;a pas emp\u00each\u00e9 la s\u00e9rie d&rsquo;\u00eatre plut\u00f4t bien accueillie par la critique. Il faut dire que le sc\u00e9nario est tir\u00e9 du roman \u00e0 succ\u00e8s \u00ab\u00a0Unit\u00e9 8200\u00a0\u00bb de l&rsquo;\u00e9crivain et journaliste Dov Alfon, actuellement patron de Lib\u00e9ration, mais aussi ancien officier du renseignement militaire isra\u00e9lien.<\/p>\n<p>Si beaucoup saluent ainsi un bon polar d&rsquo;espionnage, plusieurs m\u00e9dias ont n\u00e9anmoins regrett\u00e9 que Menace imminente perde pied par rapport au livre. T\u00e9l\u00e9rama pointe un sc\u00e9nario \u00ab\u00a0sans surprise\u00a0\u00bb, o\u00f9 \u00ab\u00a0l&rsquo;intrigue flirte souvent avec le grotesque, additionnant clich\u00e9s, incoh\u00e9rences et acteurs \u00e0 la peine\u00a0\u00bb. Et d&rsquo;enfoncer la s\u00e9rie r\u00e9alis\u00e9e par Dan Sachar\u00a0: \u00ab\u00a0Tout y passe, jusqu&rsquo;\u00e0 l&rsquo;indigestion\u00a0: logiciel espion machiav\u00e9lique, journaliste russe assassin\u00e9, tueuse (beaucoup trop) psychopathe, jeunes soldates isra\u00e9liennes rebelles, histoire d&rsquo;amour r\u00e9chauff\u00e9e, prise d&rsquo;otage\u2026\u00a0\u00bb<\/p>\n<p>Menace imminente g\u00eane surtout T\u00e9l\u00e9rama pour un aspect bien plus politique\u00a0: \u00ab\u00a0\u00e0 l&rsquo;heure o\u00f9 les s\u00e9ries s&#8217;emparent du r\u00e9el, l&rsquo;absence de r\u00e9f\u00e9rence au conflit isra\u00e9lo-palestinien conf\u00e8re \u00e0 l&rsquo;ensemble une apesanteur malaisante\u00a0\u00bb, \u00e9crit l&rsquo;hebdomadaire. Une absence point\u00e9e par d&rsquo;autres journaux comme L&rsquo;Humanit\u00e9, qui estime pour sa part que \u00ab\u00a0Patrick Bruel et l&rsquo;arm\u00e9e isra\u00e9lienne\u00a0\u00bb sont r\u00e9unis \u00ab\u00a0dans une fiction en d\u00e9calage avec le g\u00e9nocide \u00e0 Gaza\u00a0\u00bb.<\/p>\n<p>Patrick Bruel a d&rsquo;ores et d\u00e9j\u00e0 montr\u00e9 son agacement face \u00e0 ces critiques. Il a m\u00eame vertement r\u00e9pondu dans <a href=\"https:\/\/www.leparisien.fr\/culture-loisirs\/series\/patrick-bruel-agent-israelien-dans-la-serie-menace-imminente-ce-qui-est-odieux-cest-lamalgame-16-11-2025-C7AJWV47BFEL5KBPZFPL4645RM.php\" target=\"_blank\" rel=\"noopener\">une interview au Parisien<\/a>. \u00ab\u00a0C&rsquo;est une s\u00e9rie d&rsquo;espionnage et de fiction. C&rsquo;est comme si l&rsquo;acteur qui jouait James Bond devait absolument s&rsquo;exprimer sur le caract\u00e8re g\u00e9opolitique des actions de son personnage, par rapport aux pays o\u00f9 il op\u00e8re et aux situations r\u00e9elles dans lesquelles on le met \u00e0 chaque fois\u00a0\u00bb, argumente le chanteur,\u00a0n\u00e9 en Alg\u00e9rie au sein d&rsquo;une famille juive s\u00e9farade.<\/p>\n<p>\u00ab\u00a0On ne m&rsquo;aurait pas pos\u00e9 toutes ces questions si la s\u00e9rie mettait en sc\u00e8ne les services secrets australiens\u00a0\u00bb, poursuit l&rsquo;acteur principal de\u00a0Menace imminente. Interrog\u00e9 plus loin sur les tensions qui secouent la France, parfois en \u00e9cho au contexte international, Patrick Bruel a aussi fustig\u00e9 \u00ab\u00a0les discours qui tendent \u00e0 mettre de l&rsquo;huile sur le feu, \u00e0 diviser, stigmatiser\u00a0\u00bb, ajoutant : \u00ab\u00a0je ne peux pas les comprendre. Quel que soit le sujet, le pays ou la situation g\u00e9opolitique\u00a0\u00bb.<\/p>\n<p>Concernant la situation \u00e0 Gaza et le fragile cessez-le-feu en cours sur le territoire palestinien, la star estime qu'\u00a0\u00bbon se doit de garder l&rsquo;espoir\u00a0\u00bb. Et de conclure : \u00ab\u00a0Ce qui est odieux, c&rsquo;est l&rsquo;amalgame. Dans un sens comme dans l&rsquo;autre\u00a0\u00bb.<\/p>\n","protected":false},"excerpt":{"rendered":"Patrick Bruel tient le r\u00f4le principal de la s\u00e9rie \u00ab\u00a0Menace imminente\u00a0\u00bb, programm\u00e9e sur TF1. Programme TNT TF1\u00a0| Lundi&hellip;\n","protected":false},"author":2,"featured_media":555829,"comment_status":"","ping_status":"","sticky":false,"template":"","format":"standard","meta":{"footnotes":""},"categories":[8],"tags":[67341,51761,58,59,51763,1011,27,51979,51767,5473,5240],"class_list":{"0":"post-555828","1":"post","2":"type-post","3":"status-publish","4":"format-standard","5":"has-post-thumbnail","7":"category-divertissement","8":"tag-cms-linternaute-9252923","9":"tag-controller-content","10":"tag-divertissement","11":"tag-entertainment","12":"tag-format-papier","13":"tag-fr","14":"tag-france","15":"tag-les-histoires-de-linternaute","16":"tag-parallaxeinfeed","17":"tag-patrick-bruel","18":"tag-programme"},"share_on_mastodon":{"url":"https:\/\/pubeurope.com\/@fr\/115605860269962023","error":""},"_links":{"self":[{"href":"https:\/\/www.europesays.com\/fr\/wp-json\/wp\/v2\/posts\/555828","targetHints":{"allow":["GET"]}}],"collection":[{"href":"https:\/\/www.europesays.com\/fr\/wp-json\/wp\/v2\/posts"}],"about":[{"href":"https:\/\/www.europesays.com\/fr\/wp-json\/wp\/v2\/types\/post"}],"author":[{"embeddable":true,"href":"https:\/\/www.europesays.com\/fr\/wp-json\/wp\/v2\/users\/2"}],"replies":[{"embeddable":true,"href":"https:\/\/www.europesays.com\/fr\/wp-json\/wp\/v2\/comments?post=555828"}],"version-history":[{"count":0,"href":"https:\/\/www.europesays.com\/fr\/wp-json\/wp\/v2\/posts\/555828\/revisions"}],"wp:featuredmedia":[{"embeddable":true,"href":"https:\/\/www.europesays.com\/fr\/wp-json\/wp\/v2\/media\/555829"}],"wp:attachment":[{"href":"https:\/\/www.europesays.com\/fr\/wp-json\/wp\/v2\/media?parent=555828"}],"wp:term":[{"taxonomy":"category","embeddable":true,"href":"https:\/\/www.europesays.com\/fr\/wp-json\/wp\/v2\/categories?post=555828"},{"taxonomy":"post_tag","embeddable":true,"href":"https:\/\/www.europesays.com\/fr\/wp-json\/wp\/v2\/tags?post=555828"}],"curies":[{"name":"wp","href":"https:\/\/api.w.org\/{rel}","templated":true}]}}