{"id":555830,"date":"2025-11-24T17:29:14","date_gmt":"2025-11-24T17:29:14","guid":{"rendered":"https:\/\/www.europesays.com\/fr\/555830\/"},"modified":"2025-11-24T17:29:14","modified_gmt":"2025-11-24T17:29:14","slug":"en-norvege-la-fonte-des-glaces-revele-un-piege-exceptionnel-vieux-de-1-500-ans","status":"publish","type":"post","link":"https:\/\/www.europesays.com\/fr\/555830\/","title":{"rendered":"en Norv\u00e8ge, la fonte des glaces r\u00e9v\u00e8le un pi\u00e8ge exceptionnel vieux de 1 500 ans"},"content":{"rendered":"<p data-start=\"281\" data-end=\"899\"><strong data-start=\"281\" data-end=\"899\">Lorsque les arch\u00e9ologues ont entrepris une campagne de fouilles dans les montagnes d\u2019Aurlandsfjellet, en Norv\u00e8ge, ils s\u2019attendaient \u00e0 trouver quelques objets isol\u00e9s lib\u00e9r\u00e9s par la fonte des glaces. Ils ne s\u2019attendaient certainement pas \u00e0 voir appara\u00eetre, litt\u00e9ralement sous leurs yeux, l\u2019un des syst\u00e8mes de chasse les plus sophistiqu\u00e9s jamais d\u00e9couverts en Europe. Fig\u00e9e depuis 1 500 ans, cette installation d\u2019une ampleur inattendue r\u00e9v\u00e8le une organisation digne d\u2019une v\u00e9ritable industrie pr\u00e9historique, remettant en question ce que l\u2019on croyait savoir sur la gestion des ressources animales au d\u00e9but du Moyen \u00c2ge.<\/strong><\/p>\n<p>Un pi\u00e8ge monumental r\u00e9v\u00e9l\u00e9 par le retrait des glaces<\/p>\n<p data-start=\"963\" data-end=\"1587\">Dans le comt\u00e9 de Vestland, sur les hauteurs de l\u2019Aurlandsfjellet, la fonte rapide des glaces a mis au jour une structure dont l\u2019existence semblait improbable : un syst\u00e8me complet, coh\u00e9rent et remarquablement \u00e9labor\u00e9 destin\u00e9 \u00e0 capturer les rennes en masse. Contrairement aux pi\u00e8ges isol\u00e9s d\u00e9j\u00e0 connus en Scandinavie, les arch\u00e9ologues ont trouv\u00e9 un dispositif s\u2019\u00e9tendant sur une large zone, constitu\u00e9 de deux longs couloirs form\u00e9s de branches et de troncs m\u00e9ticuleusement empil\u00e9s. Ces barri\u00e8res, v\u00e9ritables murs v\u00e9g\u00e9taux, convergent vers un vaste enclos en bois massif. Les animaux y \u00e9taient rabattus, pi\u00e9g\u00e9s puis immobilis\u00e9s.<\/p>\n<p data-start=\"1589\" data-end=\"2261\">Cette <a href=\"https:\/\/interestingengineering.com\/culture\/ancient-reindeer-trap-found-in-norway\" target=\"_blank\" rel=\"noopener\">d\u00e9couverte<\/a> d\u00e9passe de loin ce que l\u2019on connaissait jusqu\u2019ici. Selon les arch\u00e9ologues du Mus\u00e9e universitaire de Bergen, il s\u2019agit du <strong data-start=\"1727\" data-end=\"1799\">premier pi\u00e8ge en bois de cette ampleur jamais mis au jour en Norv\u00e8ge<\/strong>, et peut-\u00eatre m\u00eame en Europe.<\/p>\n<p data-start=\"1589\" data-end=\"2261\">Le caract\u00e8re spectaculaire du site tient aussi \u00e0 la mani\u00e8re dont il est apparu : les \u00e9l\u00e9ments de la structure jaillissaient litt\u00e9ralement de la glace fondante au moment des fouilles, comme si le pass\u00e9 resurgissait en temps r\u00e9el. Les chercheurs ont rapidement compris qu\u2019ils ne faisaient pas face \u00e0 une simple zone de chasse, mais bien \u00e0 une installation con\u00e7ue pour exploiter de grands troupeaux de mani\u00e8re m\u00e9thodique et organis\u00e9e.<\/p>\n<p>Une organisation digne d\u2019une cha\u00eene de production antique<\/p>\n<p data-start=\"2330\" data-end=\"3046\">En fouillant l\u2019int\u00e9rieur de l\u2019enclos, les arch\u00e9ologues ont retrouv\u00e9 de nombreux bois de rennes portant des marques de coupe nettes. Ces traces, parfaitement visibles, t\u00e9moignent d\u2019un traitement sur place : les animaux \u00e9taient vraisemblablement tu\u00e9s, d\u00e9pec\u00e9s et transform\u00e9s directement \u00e0 proximit\u00e9 du pi\u00e8ge. Le site fonctionnait donc comme une <strong data-start=\"2673\" data-end=\"2712\">v\u00e9ritable \u201cusine\u201d de transformation<\/strong>, optimis\u00e9e pour g\u00e9rer un volume important de proies.<\/p>\n<p data-start=\"2330\" data-end=\"3046\">Cette interpr\u00e9tation est renforc\u00e9e par la pr\u00e9sence d\u2019outils de chasse, notamment des pointes de lance en fer, des fragments de hampes de fl\u00e8ches, et m\u00eame une rame dont la fonction exacte demeure myst\u00e9rieuse mais pourrait indiquer la pr\u00e9sence d\u2019un campement saisonnier \u00e0 proximit\u00e9.<\/p>\n<p data-start=\"3048\" data-end=\"3704\">Plus surprenant encore, les fouilles ont r\u00e9v\u00e9l\u00e9 un petit artefact en bois de cerf, semblable \u00e0 une miniature de hache. Pour les chercheurs, cet objet pourrait repr\u00e9senter un insigne, un marqueur d\u2019appartenance ou un accessoire rituel port\u00e9 par les chasseurs.<\/p>\n<p data-start=\"3048\" data-end=\"3704\">Ajout\u00e9e aux marques de coupe standardis\u00e9es observ\u00e9es sur les bois de rennes, cette d\u00e9couverte sugg\u00e8re l\u2019existence d\u2019un groupe structur\u00e9, peut-\u00eatre dot\u00e9 de r\u00f4les sp\u00e9cifiques au sein du processus de chasse et de transformation. Loin d\u2019une activit\u00e9 improvis\u00e9e, l\u2019installation refl\u00e8te un niveau d\u2019organisation qui oblige \u00e0 revoir notre compr\u00e9hension des pratiques cyn\u00e9g\u00e9tiques scandinaves de l\u2019\u00e9poque.<\/p>\n<p data-start=\"3048\" data-end=\"3704\"><img loading=\"lazy\" data-lazyloaded=\"1\" decoding=\"async\" class=\"aligncenter size-full wp-image-319825\" src=\"https:\/\/www.europesays.com\/fr\/wp-content\/uploads\/2025\/11\/581994403_1182990297271579_8854306539006782147_n-2.webp.webp\" alt=\"pi\u00e8ge rennes\" width=\"1080\" height=\"608\"  data-\/>Cr\u00e9dit : Universit\u00e9 de Bergen Facebook<\/p>\n<p>Quand le changement climatique devient arch\u00e9ologue malgr\u00e9 lui<\/p>\n<p data-start=\"3777\" data-end=\"4560\">Si cette d\u00e9couverte exceptionnelle est aujourd\u2019hui possible, c\u2019est \u00e0 un ph\u00e9nom\u00e8ne contemporain que nous le devons : le <a href=\"https:\/\/sciencepost.fr\/les-recentes-mesures-anti-pollution-en-chine-ont-accelere-le-rechauffement-climatique-comment-est-ce-possible\/\" target=\"_blank\" rel=\"noopener\">r\u00e9chauffement climatique<\/a>. Depuis plusieurs ann\u00e9es, les glaciers et n\u00e9v\u00e9s des hautes montagnes norv\u00e9giennes reculent \u00e0 un rythme in\u00e9dit, r\u00e9v\u00e9lant progressivement des objets autrefois parfaitement conserv\u00e9s dans un environnement froid et stable.<\/p>\n<p data-start=\"3777\" data-end=\"4560\">Dans le cas d\u2019Aurlandsfjellet, cette fonte a expos\u00e9 un site rest\u00e9 intact pendant un mill\u00e9naire et demi. Mais ce d\u00e9voilement brutal s\u2019accompagne d\u2019un risque majeur : une fois lib\u00e9r\u00e9s de la glace, les mat\u00e9riaux organiques \u2013 bois, textiles, fibres \u2013 commencent \u00e0 se d\u00e9grader rapidement. L\u2019urgence des arch\u00e9ologues est donc double : documenter, pr\u00e9lever, pr\u00e9server avant que ces vestiges ne disparaissent d\u00e9finitivement.<\/p>\n<p data-start=\"4562\" data-end=\"5083\">La singularit\u00e9 du site d\u2019Aurlandsfjellet ouvre une fen\u00eatre in\u00e9dite sur l\u2019ing\u00e9niosit\u00e9 des peuples nordiques qui parcouraient ces montagnes. Elle sugg\u00e8re que des installations similaires, encore enfouies sous la glace, attendent d\u2019\u00eatre d\u00e9couvertes\u2026 si le climat continue de se r\u00e9chauffer. Une perspective \u00e0 la fois fascinante et inqui\u00e9tante : chaque nouvelle trouvaille enrichit notre compr\u00e9hension du pass\u00e9, mais t\u00e9moigne aussi des transformations rapides et profondes que subissent les paysages arctiques et subarctiques.<\/p>\n","protected":false},"excerpt":{"rendered":"Lorsque les arch\u00e9ologues ont entrepris une campagne de fouilles dans les montagnes d\u2019Aurlandsfjellet, en Norv\u00e8ge, ils s\u2019attendaient \u00e0&hellip;\n","protected":false},"author":2,"featured_media":555831,"comment_status":"","ping_status":"","sticky":false,"template":"","format":"standard","meta":{"footnotes":""},"categories":[7],"tags":[1011,27,43,40,41,39,42,44],"class_list":{"0":"post-555830","1":"post","2":"type-post","3":"status-publish","4":"format-standard","5":"has-post-thumbnail","7":"category-sciences-et-technologies","8":"tag-fr","9":"tag-france","10":"tag-science","11":"tag-science-and-technology","12":"tag-sciences","13":"tag-sciences-et-technologies","14":"tag-technologies","15":"tag-technology"},"share_on_mastodon":{"url":"https:\/\/pubeurope.com\/@fr\/115605862417994162","error":""},"_links":{"self":[{"href":"https:\/\/www.europesays.com\/fr\/wp-json\/wp\/v2\/posts\/555830","targetHints":{"allow":["GET"]}}],"collection":[{"href":"https:\/\/www.europesays.com\/fr\/wp-json\/wp\/v2\/posts"}],"about":[{"href":"https:\/\/www.europesays.com\/fr\/wp-json\/wp\/v2\/types\/post"}],"author":[{"embeddable":true,"href":"https:\/\/www.europesays.com\/fr\/wp-json\/wp\/v2\/users\/2"}],"replies":[{"embeddable":true,"href":"https:\/\/www.europesays.com\/fr\/wp-json\/wp\/v2\/comments?post=555830"}],"version-history":[{"count":0,"href":"https:\/\/www.europesays.com\/fr\/wp-json\/wp\/v2\/posts\/555830\/revisions"}],"wp:featuredmedia":[{"embeddable":true,"href":"https:\/\/www.europesays.com\/fr\/wp-json\/wp\/v2\/media\/555831"}],"wp:attachment":[{"href":"https:\/\/www.europesays.com\/fr\/wp-json\/wp\/v2\/media?parent=555830"}],"wp:term":[{"taxonomy":"category","embeddable":true,"href":"https:\/\/www.europesays.com\/fr\/wp-json\/wp\/v2\/categories?post=555830"},{"taxonomy":"post_tag","embeddable":true,"href":"https:\/\/www.europesays.com\/fr\/wp-json\/wp\/v2\/tags?post=555830"}],"curies":[{"name":"wp","href":"https:\/\/api.w.org\/{rel}","templated":true}]}}