{"id":555834,"date":"2025-11-24T17:31:17","date_gmt":"2025-11-24T17:31:17","guid":{"rendered":"https:\/\/www.europesays.com\/fr\/555834\/"},"modified":"2025-11-24T17:31:17","modified_gmt":"2025-11-24T17:31:17","slug":"une-injustice-une-famille-vivant-en-autarcie-dans-une-foret-italienne-se-voit-retirer-la-garde-de-ses-trois-enfants","status":"publish","type":"post","link":"https:\/\/www.europesays.com\/fr\/555834\/","title":{"rendered":"\u00ab\u00a0Une injustice\u00a0\u00bb\u00a0: une famille vivant en autarcie dans une for\u00eat italienne se voit retirer la garde de ses trois enfants"},"content":{"rendered":"<p class=\"paragraph text_align_left lp-f-body-02\">La Premi\u00e8re ministre italienne, <a href=\"https:\/\/www.leparisien.fr\/politique\/litalienne-giorgia-meloni-espere-larrivee-dun-gouvernement-conservateur-en-france-20-09-2025-G5NHGM5KEFFUDFQW7DK23R26JU.php\" target=\"_self\" rel=\"noopener\">Giorgia Meloni<\/a>, a jug\u00e9 la d\u00e9cision \u00ab alarmante \u00bb, et son vice-Premier ministre <a href=\"https:\/\/www.leparisien.fr\/politique\/guerre-en-ukraine-matteo-salvini-numero-2-du-gouvernement-italien-qualifie-emmanuel-macron-de-fou-07-03-2025-RMD6NB64ZVCP7KSQBRKCHGLT5A.php\" target=\"_self\" rel=\"noopener\">Matteo Salvini<\/a> de \u00ab honteuse \u00bb. Un couple vivant en Italie, Nathan Trevallion, un Britannique de 51 ans, et Catherine Birmingham, une Australienne de 45 ans, vient de se faire retirer la garde de leurs trois enfants, un de huit ans et des jumeaux de 6 ans. En cause, leur mode de vie qui fait peser de graves risques \u00ab pour la sant\u00e9 et l\u2019int\u00e9grit\u00e9 des enfants \u00bb, a estim\u00e9 la justice italienne.<\/p>\n<p class=\"paragraph text_align_left lp-f-body-02\">La famille s\u2019est install\u00e9e au c\u0153ur d\u2019une for\u00eat des Abruzzes, dans le centre de l\u2019Italie, en 2021, explique la m\u00e8re de famille sur son <a href=\"https:\/\/catherinelouisebirmingham.com\/\" target=\"_self\" rel=\"noopener\">site web<\/a>. Ils y vivent une vie \u00ab idyllique \u00bb, entour\u00e9s de chevaux, d\u2019\u00e2nes et de poules, <a href=\"https:\/\/www.leparisien.fr\/essonne-91\/ils-vivent-en-autarcie-les-focolari-quittent-lessonne-apres-lechec-de-leur-cite-religieuse-09-07-2025-ZYR7RQZHFVFA7FHEM4DBOCGBYI.php\" target=\"_self\" rel=\"noopener\">en autarcie<\/a>. Mais en septembre 2024, une intoxication aux champignons sauvages a conduit la petite tribu \u00e0 l\u2019h\u00f4pital. Les forces de l\u2019ordre et les services sociaux ont \u00e9t\u00e9 alert\u00e9s et ont demand\u00e9 aux parents de scolariser leurs enfants, en plus de leur assurer un suivi m\u00e9dical r\u00e9gulier.<\/p>\n<p>\u00ab Ce fut la pire nuit de ma vie \u00bb<\/p>\n<p class=\"paragraph text_align_left lp-f-body-02\">Les recommandations n\u2019ont pas \u00e9t\u00e9 suivies et le tribunal de l\u2019Aquila, chef-lieu dans la r\u00e9gion, a d\u00e9cid\u00e9 de placer les enfants dans une structure sp\u00e9cialis\u00e9e cette semaine. La m\u00e8re a pu les y accompagner \u00ab pour limiter le traumatisme de la s\u00e9paration \u00bb, a expliqu\u00e9 leur avocat.<\/p>\n<p class=\"paragraph text_align_left lp-f-body-02\">Le p\u00e8re, lui, est rest\u00e9 seul apr\u00e8s le passage des forces de l\u2019ordre. \u00ab Ce fut la pire nuit de ma vie \u00bb, <a href=\"https:\/\/www.reuters.com\/world\/british-father-denounces-italian-courts-removal-offgrid-children-2025-11-21\/\" target=\"_self\" rel=\"noopener\">a-t-il racont\u00e9<\/a> au journal local Il Centro vendredi. \u00ab S\u00e9parer ses enfants de leurs parents est la plus grande douleur qui soit\u2026 C\u2019est une injustice. \u00bb<\/p>\n<p class=\"lp-card-podcast-highlighting__title  lp-f-subtitle-05\">[2\/2] L\u2019affaire Jean Aprin\u00a0: complot criminel dans les vignes<\/p>\n<p class=\"lp-card-podcast-highlighting__description lp-f-ui-05\">Crime story raconte chaque semaine les grandes affaires criminelles.<\/p>\n<p><a class=\"lp-card-podcast-highlighting__call-to-action\" data-page-type=\"HP\" data-block-name=\"podcast-highlight\">\u00c9couter<\/a><\/p>\n<p class=\"paragraph text_align_left lp-f-body-02\">Le tribunal de l\u2019Aquila a justifi\u00e9 sa d\u00e9cision par plusieurs raisons : \u00ab Les membres de la famille Trevallion n\u2019ont aucun contact social, aucun revenu fixe, le logement est d\u00e9pourvu de toilettes et les enfants ne sont pas scolaris\u00e9s \u00bb, indique l\u2019ordonnance qui \u00ab se fonde sur le risque de violation du droit \u00e0 la vie sociale \u00bb. \u00ab Compte tenu des atteintes graves et pr\u00e9judiciables aux droits des enfants \u00e0 l\u2019int\u00e9grit\u00e9 physique et mentale, les parents devraient \u00eatre suspendus de leurs fonctions parentales \u00bb, estime encore le tribunal.<\/p>\n<p class=\"paragraph text_align_left lp-f-body-02\">Leur avocat, Giovanni Angelucci, avait expliqu\u00e9 que la famille se chauffait avec des chemin\u00e9es, utilisait les panneaux solaires pour s\u2019\u00e9clairer et recharger ses appareils, s\u2019approvisionnait en eau gr\u00e2ce \u00e0 un puits situ\u00e9 sur la propri\u00e9t\u00e9 et utilisait des toilettes s\u00e8ches en ext\u00e9rieur. \u00ab Ils sont heureux, sentent bon, sont bien \u00e9lev\u00e9s et bien nourris ; pourquoi rompre ce lien ? \u00bb, a regrett\u00e9 le p\u00e8re de famille, cit\u00e9 dans le journal italien <a href=\"https:\/\/www.repubblica.it\/cronaca\/2025\/11\/22\/news\/i_tre_bimbi_nel_bosco_tolti_al_padre_niente_scuola_poca_igiene_devono_andare_in_comunita-424997166\/\" target=\"_self\" rel=\"noopener\">La Repubblica<\/a>.<\/p>\n<p>Une p\u00e9tition en soutien de la famille<\/p>\n<p class=\"paragraph text_align_left lp-f-body-02\">La famille va faire appel de la d\u00e9cision, tandis que l\u2019affaire divise l\u2019Italie. Une p\u00e9tition en ligne demandant sa r\u00e9unification a r\u00e9colt\u00e9 une dizaine de milliers de signatures. Pour Matteo Salvini, il est \u00ab honteux que l\u2019\u00c9tat se pr\u00e9occupe de l\u2019\u00e9ducation priv\u00e9e et des choix de vie personnels de deux parents qui ont trouv\u00e9 l\u2019Italie accueillante, et qu\u2019il leur vole leurs enfants \u00bb. Giorgia Meloni a contact\u00e9 le ministre italien de la Justice, Carlo Nordio, \u00e0 ce sujet.<\/p>\n<p class=\"paragraph text_align_left lp-f-body-02\">Giuseppe Masciulli, maire de Palmoli, une commune voisine, a \u00e9galement condamn\u00e9 la d\u00e9cision du tribunal aupr\u00e8s de <a href=\"https:\/\/edition.cnn.com\/2025\/11\/23\/europe\/bimbi-nel-bosco-italy-courts-intl\" target=\"_self\" rel=\"noopener\">CNN<\/a>. Et \u00e9voqu\u00e9 des pistes pour r\u00e9gler la situation comme le r\u00e9tablissement de l\u2019eau courante dans la propri\u00e9t\u00e9 et la mise en place de rendez-vous hebdomadaires avec l\u2019\u00e9cole locale pour \u00e9valuer le progr\u00e8s des enfants.<\/p>\n<p class=\"paragraph text_align_left lp-f-body-02\">La famille envisage pour sa part de quitter le territoire. \u00ab Nous aimerions rester, mais nous avons une autre option : faire renouveler nos passeports. Ma femme et mes enfants retourneront en Australie, et je resterai ici pour m\u2019occuper des animaux \u00bb, a d\u00e9clar\u00e9 Nathan Trevallion \u00e0 <a href=\"https:\/\/www.rainews.it\/articoli\/2025\/11\/la-famiglia-che-vive-nel-bosco-in-abruzzo-portati-via-i-tre-figli-meloni-valuta-invio-di-ispettori-48d5cae8-5b4e-4bfd-a731-a6106af40c5b.html\" target=\"_self\" rel=\"noopener\">la Rai<\/a>.<\/p>\n","protected":false},"excerpt":{"rendered":"La Premi\u00e8re ministre italienne, Giorgia Meloni, a jug\u00e9 la d\u00e9cision \u00ab alarmante \u00bb, et son vice-Premier ministre Matteo&hellip;\n","protected":false},"author":2,"featured_media":555835,"comment_status":"","ping_status":"","sticky":false,"template":"","format":"standard","meta":{"footnotes":""},"categories":[5],"tags":[11,118,1011,27,14,12,28],"class_list":{"0":"post-555834","1":"post","2":"type-post","3":"status-publish","4":"format-standard","5":"has-post-thumbnail","7":"category-international","8":"tag-actualites","9":"tag-faits-divers","10":"tag-fr","11":"tag-france","12":"tag-international","13":"tag-news","14":"tag-world"},"share_on_mastodon":{"url":"https:\/\/pubeurope.com\/@fr\/115605870044322056","error":""},"_links":{"self":[{"href":"https:\/\/www.europesays.com\/fr\/wp-json\/wp\/v2\/posts\/555834","targetHints":{"allow":["GET"]}}],"collection":[{"href":"https:\/\/www.europesays.com\/fr\/wp-json\/wp\/v2\/posts"}],"about":[{"href":"https:\/\/www.europesays.com\/fr\/wp-json\/wp\/v2\/types\/post"}],"author":[{"embeddable":true,"href":"https:\/\/www.europesays.com\/fr\/wp-json\/wp\/v2\/users\/2"}],"replies":[{"embeddable":true,"href":"https:\/\/www.europesays.com\/fr\/wp-json\/wp\/v2\/comments?post=555834"}],"version-history":[{"count":0,"href":"https:\/\/www.europesays.com\/fr\/wp-json\/wp\/v2\/posts\/555834\/revisions"}],"wp:featuredmedia":[{"embeddable":true,"href":"https:\/\/www.europesays.com\/fr\/wp-json\/wp\/v2\/media\/555835"}],"wp:attachment":[{"href":"https:\/\/www.europesays.com\/fr\/wp-json\/wp\/v2\/media?parent=555834"}],"wp:term":[{"taxonomy":"category","embeddable":true,"href":"https:\/\/www.europesays.com\/fr\/wp-json\/wp\/v2\/categories?post=555834"},{"taxonomy":"post_tag","embeddable":true,"href":"https:\/\/www.europesays.com\/fr\/wp-json\/wp\/v2\/tags?post=555834"}],"curies":[{"name":"wp","href":"https:\/\/api.w.org\/{rel}","templated":true}]}}