{"id":555844,"date":"2025-11-24T17:37:19","date_gmt":"2025-11-24T17:37:19","guid":{"rendered":"https:\/\/www.europesays.com\/fr\/555844\/"},"modified":"2025-11-24T17:37:19","modified_gmt":"2025-11-24T17:37:19","slug":"savonnieres-devant-bar-la-section-arts-plastiques-du-lycee-poincare-sinitie-a-la-ceramique","status":"publish","type":"post","link":"https:\/\/www.europesays.com\/fr\/555844\/","title":{"rendered":"Savonni\u00e8res-devant-Bar. La section arts plastiques du lyc\u00e9e Poincar\u00e9 s\u2019initie \u00e0 la c\u00e9ramique"},"content":{"rendered":"<p>Ce vendredi 21\u00a0novembre 2025, on n\u2019entend pas un bruit dans l\u2019atelier de Daniel et Patricia Pierrard, les artistes en c\u00e9ramique bien connus des Barisiens. Les jeunes du lyc\u00e9e Raymond-Poincar\u00e9 sont concentr\u00e9s sur leur \u0153uvre.<\/p>\n<p>Dix \u00e9l\u00e8ves de Premi\u00e8re et Terminale du lyc\u00e9e Raymond-Poincar\u00e9 en sp\u00e9cialit\u00e9 ou en option facultative arts plastiques sont venus ce vendredi apr\u00e8s-midi avec Maryse Homs-Fabre, leur professeure agr\u00e9g\u00e9e, pour une initiation c\u00e9ramique.<\/p>\n<p>Ils ont chacun eu \u00e0 r\u00e9aliser un petit dragon qu\u2019ils vont colorer avec des \u00ab\u00a0engobes\u00a0\u00bb (rev\u00eatements argileux color\u00e9s). Apr\u00e8s quinze jours de s\u00e9chage, il sera mis au four 24 heures \u00e0 1050\u00b0C puis \u00e9maill\u00e9 au feu suivant la technique japonaise du raku.<\/p>\n<p>  Un voyage \u00e0 Barcelone pr\u00e9vu en 2026<\/p>\n<p>Deux autres ateliers auront lieu avec Daniel Pierrard, cette fois-ci au lyc\u00e9e. Le projet a \u00e9t\u00e9 en partie financ\u00e9 par la DRAC Grand-Est (Direction R\u00e9gionale des Affaires Culturelles). La section arts plastiques du lyc\u00e9e est unique en Meuse. En avril les \u00e9l\u00e8ves iront une semaine \u00e0 Barcelone pour d\u00e9couvrir les artistes catalans\u00a0: Antoni Gaudi et sa c\u00e9l\u00e8bre basilique de la Sagrada Familia achev\u00e9e depuis peu, Pablo Picasso et Salvador Dali.<\/p>\n","protected":false},"excerpt":{"rendered":"Ce vendredi 21\u00a0novembre 2025, on n\u2019entend pas un bruit dans l\u2019atelier de Daniel et Patricia Pierrard, les artistes&hellip;\n","protected":false},"author":2,"featured_media":555845,"comment_status":"","ping_status":"","sticky":false,"template":"","format":"standard","meta":{"footnotes":""},"categories":[9635],"tags":[1111,11,40070,3599,3602,1057,1777,674,1011,27,775,1702,12,25,67342],"class_list":{"0":"post-555844","1":"post","2":"type-post","3":"status-publish","4":"format-standard","5":"has-post-thumbnail","7":"category-nancy","8":"tag-actu","9":"tag-actualites","10":"tag-ca-de-bar-le-duc-sud-meuse-55a","11":"tag-college-lycee","12":"tag-edition-bar-le-duc","13":"tag-education","14":"tag-eu","15":"tag-europe","16":"tag-fr","17":"tag-france","18":"tag-grand-est","19":"tag-nancy","20":"tag-news","21":"tag-republique-francaise","22":"tag-savonnieres-devant-bar"},"share_on_mastodon":{"url":"https:\/\/pubeurope.com\/@fr\/115605893452625250","error":""},"_links":{"self":[{"href":"https:\/\/www.europesays.com\/fr\/wp-json\/wp\/v2\/posts\/555844","targetHints":{"allow":["GET"]}}],"collection":[{"href":"https:\/\/www.europesays.com\/fr\/wp-json\/wp\/v2\/posts"}],"about":[{"href":"https:\/\/www.europesays.com\/fr\/wp-json\/wp\/v2\/types\/post"}],"author":[{"embeddable":true,"href":"https:\/\/www.europesays.com\/fr\/wp-json\/wp\/v2\/users\/2"}],"replies":[{"embeddable":true,"href":"https:\/\/www.europesays.com\/fr\/wp-json\/wp\/v2\/comments?post=555844"}],"version-history":[{"count":0,"href":"https:\/\/www.europesays.com\/fr\/wp-json\/wp\/v2\/posts\/555844\/revisions"}],"wp:featuredmedia":[{"embeddable":true,"href":"https:\/\/www.europesays.com\/fr\/wp-json\/wp\/v2\/media\/555845"}],"wp:attachment":[{"href":"https:\/\/www.europesays.com\/fr\/wp-json\/wp\/v2\/media?parent=555844"}],"wp:term":[{"taxonomy":"category","embeddable":true,"href":"https:\/\/www.europesays.com\/fr\/wp-json\/wp\/v2\/categories?post=555844"},{"taxonomy":"post_tag","embeddable":true,"href":"https:\/\/www.europesays.com\/fr\/wp-json\/wp\/v2\/tags?post=555844"}],"curies":[{"name":"wp","href":"https:\/\/api.w.org\/{rel}","templated":true}]}}