{"id":555856,"date":"2025-11-24T17:44:10","date_gmt":"2025-11-24T17:44:10","guid":{"rendered":"https:\/\/www.europesays.com\/fr\/555856\/"},"modified":"2025-11-24T17:44:10","modified_gmt":"2025-11-24T17:44:10","slug":"en-images-decouvrez-ce-que-va-devenir-la-piscine-abandonnee-de-lile-lacroix-a-rouen","status":"publish","type":"post","link":"https:\/\/www.europesays.com\/fr\/555856\/","title":{"rendered":"EN IMAGES. D\u00e9couvrez ce que va devenir la piscine abandonn\u00e9e de l&rsquo;\u00eele Lacroix \u00e0 Rouen"},"content":{"rendered":"<p>                    Par<br \/>\n        <strong><br \/>\n            <a href=\"https:\/\/actu.fr\/auteur\/jessie-leclerc\" title=\"Consulter tous les articles de Jessie Leclerc\" target=\"_blank\" rel=\"noopener\">Jessie Leclerc<\/a><br \/>\n                    <\/strong><\/p>\n<p>        Publi\u00e9 le<\/p>\n<p>            24 nov. 2025 \u00e0 18h23        <\/p>\n<p>Ferm\u00e9e depuis 1991 apr\u00e8s moins de deux ans d\u2019exploitation, <strong>la piscine Oc\u00e9ade de l\u2019\u00cele Lacroix<\/strong>, <a href=\"https:\/\/actu.fr\/normandie\/rouen_76540\" target=\"_blank\" rel=\"noopener\">\u00e0 Rouen (Seine-Maritime)<\/a> va enfin conna\u00eetre une seconde vie. Longtemps laiss\u00e9e \u00e0 l\u2019abandon, elle \u00e9tait devenue <strong>une grande friche<\/strong> en c\u0153ur de ville, un lieu hostile privil\u00e9gi\u00e9 des amateurs d\u2019exploration urbaine, mais aussi de squatteurs. Mais tout cela sera bient\u00f4t du pass\u00e9. Ce lundi 24\u00a0novembre 2025, la M\u00e9tropole Rouen Normandie a d\u00e9voil\u00e9 le<strong> tout nouveau projet<\/strong> qui fera revivre les lieux. Images, dates\u2026 Voici ce qu\u2019il faut savoir.<\/p>\n<p>De \u00ab\u2009fiasco\u2009\u00bb \u00e0 \u00ab\u2009lieu de culture et de sport\u2009\u00bb<\/p>\n<p class=\" wall-content\"><a href=\"https:\/\/actu.fr\/normandie\/rouen_76540\/rouen-cette-piscine-fantome-abandonnee-depuis-30-ans-devrait-renaitre-de-ses-cendres_44791492.html\" target=\"_blank\" rel=\"noopener\">Cette piscine Oc\u00e9ade<\/a>, peu l\u2019ont connu \u00e0 Rouen. Et pour cause, elle n\u2019a \u00e9t\u00e9 <strong>ouverte que de 1989 \u00e0 1991, 18 pauvres mois<\/strong>. \u00ab\u2009\u00c7a a \u00e9t\u00e9 un fiasco\u2009\u00bb, rappelle Nicolas Mayer-Rossignol, maire de Rouen et pr\u00e9sident de la M\u00e9tropole.<\/p>\n<p class=\" wall-content\">Pendant trois d\u00e9cennies, le site attenant \u00e0 l\u2019actuelle piscine Guy-Boissi\u00e8re a servi de \u00ab\u2009lieu de squat, de tags, une esp\u00e8ce de no man\u2019s land \u00e0 c\u00f4t\u00e9 d\u2019un lieu tr\u00e8s fr\u00e9quent\u00e9\u2009\u00bb, regrette l\u2019\u00e9lu.<\/p>\n<p>Une friche strat\u00e9gique \u00e0 reconvertir<\/p>\n<p class=\" wall-content\">Inscrite dans la vaste op\u00e9ration de<strong> revitalisation de l\u2019\u00cele Lacroix<\/strong>, la reconversion d\u2019Oc\u00e9ade \u00e9tait, pour la M\u00e9tropole, une question de logique. \u00ab\u2009Cette \u00eele est un vrai joyaux bien situ\u00e9. On ne pouvait pas y laisser <a href=\"https:\/\/actu.fr\/normandie\/rouen_76540\/creation-d-emplois-et-espaces-verts-on-sait-ce-que-va-devenir-la-friche-de-vallourec-pres-de-rouen_62940809.html\" target=\"_blank\" rel=\"noopener\">une immense friche<\/a> en plein milieu, sans rien faire\u2009\u00bb, souligne Nicolas Mayer-Rossignol. D\u00e8s 2022 le sujet est pos\u00e9 sur la table.<\/p>\n<p class=\" wall-content\">En 2024, un concours, afin de trouver le ma\u00eetre d\u2019\u0153uvre ad\u00e9quat, est lanc\u00e9. Trois laur\u00e9ats sont alors retenus. C\u2019est finalement le projet de <strong>l\u2019architecte Jean-Pierre Lott<\/strong> qui a remport\u00e9 le chantier.<\/p>\n<p class=\" wall-content\">Finie la piscine Oc\u00e9ade, c\u2019est <a href=\"https:\/\/actu.fr\/normandie\/rouen_76540\/rouen-on-en-sait-plus-sur-le-projet-de-skatepark-dans-la-piscine-de-l-ile-lacroix_60475970.html\" target=\"_blank\" rel=\"noopener\">un centre des cultures urbaines<\/a> o\u00f9 se rencontreront plusieurs sports sur 3\u2009600\u00a0m2 qui va voir le jour.<\/p>\n<p>Remplacer le skate-park du quartier Flaubert<\/p>\n<p class=\" wall-content\">Le projet pr\u00e9voit <strong>1\u2009800 m2 d\u00e9di\u00e9s aux sports de glisse<\/strong>. Le skate, bien s\u00fbr, mais aussi la trottinette, le roller et m\u00eame le BMX. La grande salle avec modules en bois, dalle de b\u00e9ton et 250 gradins escamotables ambitionne m\u00eame d\u2019accueillir des <strong>comp\u00e9titions nationales<\/strong>.<\/p>\n<blockquote class=\"ac-article-quote wall-content\">\n<p>Un skate-park est un vrai outil pour notre territoire, car la pratique est tr\u00e8s suivie. Ca sera un lieu d&rsquo;attractivit\u00e9 o\u00f9 le sport sera encadr\u00e9 et qui \u00e9vitera l&rsquo;usage du mobilier urbain.<\/p>\n<p>    <strong>David Lamiray<\/strong><br \/>\n        Vice-Pr\u00e9sident \u00e0 la M\u00e9tropole en charge des sports.    <\/p><\/blockquote>\n<p>Votre r\u00e9gion, votre actu !<\/p>\n<p>Recevez chaque jour les infos qui comptent pour vous.<\/p>\n<p>\t<a href=\"https:\/\/actu.fr\/newsletter\" class=\"ac-btn ac-btn--corner ac-btn--medium ac-btn--blue800\" target=\"_blank\" rel=\"noopener\">S&rsquo;incrire<\/a><\/p>\n<p class=\" wall-content\">L\u2019\u00e9quipement sera con\u00e7u par une entreprise sp\u00e9cialis\u00e9e, en concertation avec des associations locales, notamment Skate Off Rouen. Il remplacera l\u2019am\u00e9nagement actuel <a href=\"https:\/\/actu.fr\/normandie\/rouen_76540\/a-rouen-un-tout-nouveau-pont-va-etre-construit-dans-ce-quartier-pour-la-future-ligne-de-bus-t5_62810277.html\" target=\"_blank\" rel=\"noopener\">du quartier Flaubert<\/a>, vieillissant et bient\u00f4t ras\u00e9.<\/p>\n<p>Parkour, graffiti, danse\u2026 \u00ab\u2009L\u2019\u00eele la plus sportive de France\u2009\u00bb<\/p>\n<p class=\" wall-content\">Mais le site vise plus large. 100\u00a0m2 pour<strong> la danse<\/strong>, 150\u00a0m2 pour <strong>le graff<\/strong> dans un espace semi-ouvert, 200\u00a0m2 et des espaces jusqu\u2019\u00e0 7\u00a0m\u00e8tres de haut <a href=\"https:\/\/actu.fr\/normandie\/le-havre_76351\/video-un-collectif-du-havre-enchaine-les-acrobaties-dans-un-clip-au-sommet-des-tours-de-chicago_38541021.html\" target=\"_blank\" rel=\"noopener\">pour le parkour<\/a>, deux terrains<strong> de basket<\/strong> couverts en 3\u00d73 et un terrain multisport ext\u00e9rieur.<\/p>\n<p class=\" wall-content\">\u00c0 l\u2019\u00e9tage, le site comptera aussi un club-house ainsi que des espaces de coworking et de r\u00e9unions.<\/p>\n<p class=\" wall-content\">D\u00e9j\u00e0 riche en complexes sportifs, l\u2019\u00cele Lacroix pourrait bien devenir<strong> \u00ab\u2009l\u2019\u00eele la plus sportive de France\u2009\u00bb<\/strong>, avance Sarah Vauzelle, adjointe au maire en charge des sports. \u00ab\u2009Elle compte d\u00e9j\u00e0 bien 3\u2009000\u00a0adh\u00e9rents dans les divers clubs\u2009: natation, foot, aviron, <a href=\"https:\/\/actu.fr\/normandie\/saint-valery-en-caux_76655\/video-en-seine-maritime-on-a-teste-pour-vous-une-plongee-sur-l-epave-d-un-cargo_59956136.html\" target=\"_blank\" rel=\"noopener\">plong\u00e9e<\/a>, sports sur glace\u2026 L\u00e0 on pourrait monter \u00e0 plus de 4\u2009000\u00a0adh\u00e9rents\u2009\u00bb, ajoute-t-elle.<\/p>\n<p>Du neuf dans du vieux<\/p>\n<p class=\" wall-content\">La structure d\u2019origine sera<strong> conserv\u00e9e et renforc\u00e9e<\/strong>, tandis que les sous-sols seront condamn\u00e9s, afin d\u2019\u00e9pargner le lieu d\u2019\u00e9ventuelles crues. L\u2019enveloppe thermique sera enti\u00e8rement repens\u00e9e\u2009: isolation ext\u00e9rieure, g\u00e9othermie pour l\u2019eau chaude et 2\u2009400\u00a0m2 de <strong>panneaux photovolta\u00efques<\/strong> pour l\u2019\u00e9lectricit\u00e9. Et moins de pertes possibles. Les b\u00e9tons issus des d\u00e9molitions seront\u00a0r\u00e9utilis\u00e9s pour les soubassements.<\/p>\n<p class=\" wall-content\">Malgr\u00e9 tout, le site sera m\u00e9tamorphos\u00e9\u2009: nouvelle forme, nouvelle surface et \u00ab\u2009une identit\u00e9 affirm\u00e9e\u2009\u00bb, insiste Jean-Pierre Lott.<\/p>\n<p class=\" wall-content\">L\u2019entr\u00e9e se d\u00e9marquera de loin, une forme haute, asym\u00e9trique, toute en rondeurs, \u00ab\u2009qui rappelle la vitesse des ports et les courbes du fleuve\u2009\u00bb, d\u00e9taille l\u2019architecte.<\/p>\n<p>18\u00a0millions d\u2019euros<\/p>\n<p class=\" wall-content\">Le co\u00fbt global du projet est estim\u00e9 \u00e0<strong> presque 17,9\u00a0millions d\u2019euros<\/strong>, financ\u00e9s en partie par l\u2019\u00c9tat, la R\u00e9gion, le D\u00e9partement et l\u2019Europe. Le co\u00fbt pour \u00ab\u2009redonner son \u00e9clat \u00e0 l\u2019\u00cele Lacroix\u2009\u00bb, r\u00e9sume Nicolas Mayer-Rossignol.<\/p>\n<p class=\" wall-content\">Si les travaux commencent fin 2027, le projet, quant \u00e0 lui, devrait \u00eatre livr\u00e9 au plus t\u00f4t<strong> fin 2029<\/strong>.<\/p>\n<p>Suivez l\u2019actualit\u00e9 de Rouen <a href=\"https:\/\/www.whatsapp.com\/channel\/0029VaKfnf99hXF2ddApFB1D\" target=\"_blank\" rel=\"noopener\">sur notre cha\u00eene WhatsApp<\/a> et <a href=\"https:\/\/www.tiktok.com\/@76actu.fr?lang=fr\" target=\"_blank\" rel=\"noopener\">sur notre compte TikTok<\/a><\/p>\n<p class=\" wall-content\">Personnalisez votre actualit\u00e9 en ajoutant vos villes et m\u00e9dias en favori avec <a href=\"https:\/\/moncompte.actu.fr\" title=\"D\u00e9couvez Mon Actu\" rel=\"nofollow noopener\" data-trk=\"{&quot;cta&quot;:{&quot;action&quot;:&quot;https:\\\/\\\/moncompte.actu.fr&quot;,&quot;category&quot;:&quot;mon compte&quot;,&quot;from&quot;:&quot;article footer&quot;,&quot;name&quot;:&quot;Mon actu&quot;,&quot;type&quot;:&quot;cta&quot;}}\" target=\"_blank\">Mon Actu<\/a>.<\/p>\n<p>                    <script async src=\"\/\/www.tiktok.com\/embed.js\"><\/script><\/p>\n","protected":false},"excerpt":{"rendered":"Par Jessie Leclerc Publi\u00e9 le 24 nov. 2025 \u00e0 18h23 Ferm\u00e9e depuis 1991 apr\u00e8s moins de deux ans&hellip;\n","protected":false},"author":2,"featured_media":555857,"comment_status":"","ping_status":"","sticky":false,"template":"","format":"standard","meta":{"footnotes":""},"categories":[9587],"tags":[1111,11,1777,674,1011,27,1757,1652,12,5161,25,9590,517,1352],"class_list":{"0":"post-555856","1":"post","2":"type-post","3":"status-publish","4":"format-standard","5":"has-post-thumbnail","7":"category-rouen","8":"tag-actu","9":"tag-actualites","10":"tag-eu","11":"tag-europe","12":"tag-fr","13":"tag-france","14":"tag-insolite","15":"tag-loisirs-culture","16":"tag-news","17":"tag-normandie","18":"tag-republique-francaise","19":"tag-rouen","20":"tag-sport","21":"tag-urbanisme"},"share_on_mastodon":{"url":"https:\/\/pubeurope.com\/@fr\/115605921162108133","error":""},"_links":{"self":[{"href":"https:\/\/www.europesays.com\/fr\/wp-json\/wp\/v2\/posts\/555856","targetHints":{"allow":["GET"]}}],"collection":[{"href":"https:\/\/www.europesays.com\/fr\/wp-json\/wp\/v2\/posts"}],"about":[{"href":"https:\/\/www.europesays.com\/fr\/wp-json\/wp\/v2\/types\/post"}],"author":[{"embeddable":true,"href":"https:\/\/www.europesays.com\/fr\/wp-json\/wp\/v2\/users\/2"}],"replies":[{"embeddable":true,"href":"https:\/\/www.europesays.com\/fr\/wp-json\/wp\/v2\/comments?post=555856"}],"version-history":[{"count":0,"href":"https:\/\/www.europesays.com\/fr\/wp-json\/wp\/v2\/posts\/555856\/revisions"}],"wp:featuredmedia":[{"embeddable":true,"href":"https:\/\/www.europesays.com\/fr\/wp-json\/wp\/v2\/media\/555857"}],"wp:attachment":[{"href":"https:\/\/www.europesays.com\/fr\/wp-json\/wp\/v2\/media?parent=555856"}],"wp:term":[{"taxonomy":"category","embeddable":true,"href":"https:\/\/www.europesays.com\/fr\/wp-json\/wp\/v2\/categories?post=555856"},{"taxonomy":"post_tag","embeddable":true,"href":"https:\/\/www.europesays.com\/fr\/wp-json\/wp\/v2\/tags?post=555856"}],"curies":[{"name":"wp","href":"https:\/\/api.w.org\/{rel}","templated":true}]}}