{"id":555858,"date":"2025-11-24T17:45:25","date_gmt":"2025-11-24T17:45:25","guid":{"rendered":"https:\/\/www.europesays.com\/fr\/555858\/"},"modified":"2025-11-24T17:45:25","modified_gmt":"2025-11-24T17:45:25","slug":"en-images-decouvrez-le-projet-fou-de-la-metropole-de-rouen-pour-rehabiliter-cette-piscine-a-labandon-depuis-30-ans","status":"publish","type":"post","link":"https:\/\/www.europesays.com\/fr\/555858\/","title":{"rendered":"EN IMAGES. D\u00e9couvrez le projet fou de la M\u00e9tropole de Rouen pour r\u00e9habiliter cette piscine \u00e0 l&rsquo;abandon depuis 30 ans"},"content":{"rendered":"<p class=\"article__intro\">Abandonn\u00e9e depuis 30 ans, elle est devenue le terrain de jeu des graffeurs. La piscine Oc\u00e9ade, situ\u00e9e sur l&rsquo;\u00cele Lacroix, \u00e0 Rouen, va bient\u00f4t changer de t\u00eate et devenir&#8230; un centre de culture urbaine.<\/p>\n<p>\n      L\u2019actu des r\u00e9gions\n    <\/p>\n<p>\n      Chaque jour, un tour d\u2019horizon des principales infos de toutes les r\u00e9gions.\n    <\/p>\n<p>    France T\u00e9l\u00e9visions utilise votre adresse e-mail afin de vous envoyer la newsletter \u00ab\u00a0L\u2019actu des r\u00e9gions\u00a0\u00bb. Vous pouvez vous d\u00e9sinscrire \u00e0 tout moment via le lien en bas de cette newsletter. <a target=\"_blank\" href=\"https:\/\/www.francetelevisions.fr\/groupe\/confidentialite\/politique-de-confidentialite\/politique-de-confidentialite-de-france-televisions-6503\" rel=\"noopener\">Notre politique de confidentialit\u00e9<\/a><\/p>\n<p>C&rsquo;\u00e9tait une demande des pratiquants de sports urbains, car les disciplines comme le skate demandent un espace important que les 4 000 m2 de l&rsquo;ex-piscine Oc\u00e9ade de Rouen peuvent d\u00e9cid\u00e9ment combler.<\/p>\n<p>Ferm\u00e9e en 1991, elle va se transformer en centre de culture urbaine&#8230; \u00e0 l&rsquo;horizon 2029.<\/p>\n<p><a data-article-figure=\"\" href=\"https:\/\/france3-regions.franceinfo.fr\/image\/1-kLpLdLd6PrxfcQFSX7OISgCq8\/1600x1200\/regions\/2025\/11\/24\/whatsapp-image-2025-11-24-at-15-58-33-69248d646ce4e505169792.jpg\" data-pswp-width=\"1600\" data-pswp-height=\"1200\" target=\"_blank\" rel=\"noopener\"><\/p>\n<p>          <img width=\"600\" height=\"400\" class=\"article-image lazy\" data-src=\"https:\/\/www.europesays.com\/fr\/wp-content\/uploads\/2025\/11\/whatsapp-image-2025-11-24-at-15-58-33-69248d646ce4e505169792.jpg\" alt=\"L'ancienne piscine Oc\u00e9ade va se transformer en un complexe d\u00e9di\u00e9 aux sports urbains.\" fetchpriority=\"high\" as=\"image\"\/><\/p>\n<p>\n            L&rsquo;ancienne piscine Oc\u00e9ade va se transformer en un complexe d\u00e9di\u00e9 aux sports urbains.<br \/>\n                           \u2022<br \/>\n                                      \u00a9 St\u00e9phane L&rsquo;H\u00f4te \/ France T\u00e9l\u00e9visions\n                      <\/p>\n<p><\/a><\/p>\n<p>En f\u00e9vrier 2024, la M\u00e9tropole Rouen Normandie a lanc\u00e9 un concours de ma\u00eetrise d&rsquo;\u0153uvre pour choisir l&rsquo;architecte qui transformerait l&rsquo;ancienne piscine Oc\u00e9ade en ce complexe flambant neuf d\u00e9di\u00e9 aux sports urbains.<\/p>\n<p>Trois candidatures ont \u00e9t\u00e9 soumises. Celle de l&rsquo;architecte parisien Jean-Pierre Lott a remport\u00e9 tous les suffrages. Elle sortira de terre dans quatre ans seulement.<\/p>\n<blockquote class=\"ftvi_content_quote\">\n<p class=\"ftvi_citation_quote\">La piscine Oc\u00e9ade va rena\u00eetre. Le nouveau Centre des cultures urbaines mettra \u00e0 l\u2019honneur les sports de glisse urbaine et les pratiques artistiques urbaines tout en offrant de nouveaux \u00e9quipements sportifs. Il sera un lieu unique au sein de la M\u00e9tropole.<\/p>\n<p>Nicolas Mayer-Rossignol, maire (PS) de Rouen et pr\u00e9sident de la M\u00e9tropole<\/p>\n<p class=\"ftvi_citation_source\">dans un communiqu\u00e9<\/p>\n<\/blockquote>\n<p>\u00ab\u00a0Ce nouvel am\u00e9nagement s\u2019inscrit dans le cadre de la politique sportive, culturelle et de d\u00e9veloppement de l\u2019attractivit\u00e9 de l\u2019Ile Lacroix\u00a0\u00bb, pr\u00e9cise la M\u00e9tropole Rouen Normandie dans un communiqu\u00e9.<\/p>\n<p>D\u00e9taillant : \u00ab\u00a0Le projet port\u00e9 par (Jean-Pierre Lott) r\u00e9pond aux diff\u00e9rentes caract\u00e9ristiques souhait\u00e9es : haute ambition \u00e9nerg\u00e9tique et environnementale, fonctionnalit\u00e9 et geste architectural audacieux\u00a0\u00bb.<\/p>\n<p>Dans le m\u00eame communiqu\u00e9, Jean-Pierre Lott r\u00e9agit : \u00ab\u00a0De\u00a0multiples enjeux sont \u00e0 relever : redynamiser un site abandonn\u00e9, lui donner une identit\u00e9 forte et offrir \u00e0 la population et notamment \u00e0 la jeunesse un nouvel espace qu\u2019elle puisse s\u2019approprier.\u00a0\u00bb<\/p>\n<p><a data-article-figure=\"\" href=\"https:\/\/france3-regions.franceinfo.fr\/image\/kqXkDZ6Xkz0ImCpzWHlro2ifF9s\/1600x1200\/regions\/2025\/11\/24\/whatsapp-image-2025-11-24-at-15-58-33-1-692490103bbb8202893896.jpg\" data-pswp-width=\"1600\" data-pswp-height=\"1200\" target=\"_blank\" rel=\"noopener\"><\/p>\n<p>          <img width=\"600\" height=\"400\" class=\"article-image lazy\" data-src=\"https:\/\/www.europesays.com\/fr\/wp-content\/uploads\/2025\/11\/whatsapp-image-2025-11-24-at-15-58-33-1-692490103bbb8202893896.jpg\" alt=\"Le nouveau centre de culture urbaine de Rouen.\" fetchpriority=\"high\" as=\"image\"\/><\/p>\n<p>\n            Le nouveau centre de culture urbaine de Rouen.<br \/>\n                           \u2022<br \/>\n                                      \u00a9 Mod\u00e9lisation : Jean-Pierre Lott\n                      <\/p>\n<p><\/a><br \/>\n<a data-article-figure=\"\" href=\"https:\/\/france3-regions.franceinfo.fr\/image\/4DAVNAhGE65-rL2DcHjaTultOFs\/1600x1200\/regions\/2025\/11\/24\/whatsapp-image-2025-11-24-at-15-58-35-69249064e666a782157990.jpg\" data-pswp-width=\"1600\" data-pswp-height=\"1200\" target=\"_blank\" rel=\"noopener\"><\/p>\n<p>          <img width=\"600\" height=\"400\" class=\"article-image lazy\" data-src=\"https:\/\/www.europesays.com\/fr\/wp-content\/uploads\/2025\/11\/whatsapp-image-2025-11-24-at-15-58-35-69249064e666a782157990.jpg\" alt=\"Le nouveau centre de culture urbaine de Rouen se veut ambitieux d'un point de vue environnemental et architectural.\" fetchpriority=\"high\" as=\"image\"\/><\/p>\n<p>\n            Le nouveau centre de culture urbaine de Rouen se veut ambitieux d&rsquo;un point de vue environnemental et architectural.<br \/>\n                           \u2022<br \/>\n                                      \u00a9 Mod\u00e9lisation : Jean-Pierre Lott\n                      <\/p>\n<p><\/a><\/p>\n<p>Pour cela, l&rsquo;architecte a imagin\u00e9 un lieu tr\u00e8s \u00e9pur\u00e9, au design nordique, qui s&rsquo;inscrirait facilement dans le paysage de l&rsquo;\u00cele Lacroix.<\/p>\n<p><a data-article-figure=\"\" href=\"https:\/\/france3-regions.franceinfo.fr\/image\/SYkfURH21rEh6QM26qMX_ilt6zg\/1600x1200\/regions\/2025\/11\/24\/whatsapp-image-2025-11-24-at-15-58-34-692490d3574d8306214780.jpg\" data-pswp-width=\"1600\" data-pswp-height=\"1200\" target=\"_blank\" rel=\"noopener\"><\/p>\n<p>          <img width=\"600\" height=\"400\" class=\"article-image lazy\" data-src=\"https:\/\/www.europesays.com\/fr\/wp-content\/uploads\/2025\/11\/whatsapp-image-2025-11-24-at-15-58-34-692490d3574d8306214780.jpg\" alt=\"L'int\u00e9rieur du futur centre de culture urbaine.\" fetchpriority=\"high\" as=\"image\"\/><\/p>\n<p>\n            L&rsquo;int\u00e9rieur du futur centre de culture urbaine.<br \/>\n                           \u2022<br \/>\n                                      \u00a9 Mod\u00e9lisation : Jean-Pierre Lott\n                      <\/p>\n<p><\/a><\/p>\n<p>Il d\u00e9clare aussi : \u00ab\u00a0\u00e0 l&rsquo;heure du r\u00e9chauffement climatique, il est crucial d\u2019inscrire cette construction dans une d\u00e9marche environnementale performante. Ce nouvel \u00e9quipement sera polyvalent, modulable, capable d\u2019\u00e9voluer et se transformer pour r\u00e9pondre aux besoins de la population et des usagers.\u00a0\u00bb<\/p>\n","protected":false},"excerpt":{"rendered":"Abandonn\u00e9e depuis 30 ans, elle est devenue le terrain de jeu des graffeurs. La piscine Oc\u00e9ade, situ\u00e9e sur&hellip;\n","protected":false},"author":2,"featured_media":555859,"comment_status":"","ping_status":"","sticky":false,"template":"","format":"standard","meta":{"footnotes":""},"categories":[9587],"tags":[1111,11,1777,674,1011,27,12,5161,25,9590],"class_list":{"0":"post-555858","1":"post","2":"type-post","3":"status-publish","4":"format-standard","5":"has-post-thumbnail","7":"category-rouen","8":"tag-actu","9":"tag-actualites","10":"tag-eu","11":"tag-europe","12":"tag-fr","13":"tag-france","14":"tag-news","15":"tag-normandie","16":"tag-republique-francaise","17":"tag-rouen"},"share_on_mastodon":{"url":"https:\/\/pubeurope.com\/@fr\/115605925014480485","error":""},"_links":{"self":[{"href":"https:\/\/www.europesays.com\/fr\/wp-json\/wp\/v2\/posts\/555858","targetHints":{"allow":["GET"]}}],"collection":[{"href":"https:\/\/www.europesays.com\/fr\/wp-json\/wp\/v2\/posts"}],"about":[{"href":"https:\/\/www.europesays.com\/fr\/wp-json\/wp\/v2\/types\/post"}],"author":[{"embeddable":true,"href":"https:\/\/www.europesays.com\/fr\/wp-json\/wp\/v2\/users\/2"}],"replies":[{"embeddable":true,"href":"https:\/\/www.europesays.com\/fr\/wp-json\/wp\/v2\/comments?post=555858"}],"version-history":[{"count":0,"href":"https:\/\/www.europesays.com\/fr\/wp-json\/wp\/v2\/posts\/555858\/revisions"}],"wp:featuredmedia":[{"embeddable":true,"href":"https:\/\/www.europesays.com\/fr\/wp-json\/wp\/v2\/media\/555859"}],"wp:attachment":[{"href":"https:\/\/www.europesays.com\/fr\/wp-json\/wp\/v2\/media?parent=555858"}],"wp:term":[{"taxonomy":"category","embeddable":true,"href":"https:\/\/www.europesays.com\/fr\/wp-json\/wp\/v2\/categories?post=555858"},{"taxonomy":"post_tag","embeddable":true,"href":"https:\/\/www.europesays.com\/fr\/wp-json\/wp\/v2\/tags?post=555858"}],"curies":[{"name":"wp","href":"https:\/\/api.w.org\/{rel}","templated":true}]}}