{"id":555864,"date":"2025-11-24T17:48:16","date_gmt":"2025-11-24T17:48:16","guid":{"rendered":"https:\/\/www.europesays.com\/fr\/555864\/"},"modified":"2025-11-24T17:48:16","modified_gmt":"2025-11-24T17:48:16","slug":"il-sest-deja-fait-la-belle-a-deux-reprises-qui-est-levade-du-planetarium-de-rennes","status":"publish","type":"post","link":"https:\/\/www.europesays.com\/fr\/555864\/","title":{"rendered":"Il s\u2019est d\u00e9j\u00e0 fait la belle \u00e0 deux reprises\u00a0: qui est l\u2019\u00e9vad\u00e9 du plan\u00e9tarium de Rennes\u00a0?"},"content":{"rendered":"<p>Ag\u00e9 de 37 ans, \u00c9mile Siegler participait \u00e0 une sortie culturelle au Plan\u00e9tarium de Rennes quand il s\u2019est \u00e9vad\u00e9 <a href=\"https:\/\/www.letelegramme.fr\/ille-et-vilaine\/rennes-35000\/un-detenu-sevade-dans-le-centre-ville-de-rennes-lors-dune-sortie-collective-il-est-activement-recherche-6930619.php\" target=\"_blank\" rel=\"noopener\">14 novembre 2025<\/a>. En pr\u00e9textant aller aux toilettes, il a tranquillement fait faux bond aux cinq autres d\u00e9tenus et \u00e0 leurs trois accompagnants. Pr\u00e9venus de sa sortie, des complices l\u2019attendaient avec une voiture.<\/p>\n<p>Au regard du profil du d\u00e9tenu, l\u2019autorisation de sortie de ce d\u00e9tenu interroge. Comme l\u2019a r\u00e9v\u00e9l\u00e9 <a href=\"https:\/\/www.leparisien.fr\/faits-divers\/le-patron-megalo-et-levade-du-planetarium-un-tandem-infernal-juge-pour-une-grosse-serie-dincendies-criminels-22-11-2025-6RL6HEH6WJHKRP4ALX2O4VJMBA.php\" target=\"_blank\" rel=\"noopener\">le Parisien<\/a>, cet homme devait de nouveau compara\u00eetre du 2 au 4 d\u00e9cembre devant le tribunal correctionnel de Rennes. La justice le soup\u00e7onne d\u2019avoir mis en relation le commanditaire d\u2019une s\u00e9rie d\u2019incendies et des hommes de main, dans l\u2019affaire des incendies de l\u2019enseigne Po\u00eales et Cie, en Ille-et-Vilaine et Loire-Atlantique, en 2022 et 2023. \u00c9mile Siegler aurait notamment introduit son cousin qui aurait \u00e9t\u00e9 film\u00e9 par des cam\u00e9ras de vid\u00e9osurveillance, \u00e0 proximit\u00e9 de la maison du juge d\u2019instruction rennais de cette affaire. Le magistrat avait \u00e9t\u00e9 plac\u00e9 sous protection polici\u00e8re apr\u00e8s des menaces.<\/p>\n<p>Au total, \u00c9mile Siegler a pass\u00e9 une quinzaine d\u2019ann\u00e9es sous les verrous pour au moins 23 condamnations. La plupart pour des faits de vols, vols avec effraction, vol avec ruse, vol et destruction. Pire, cet homme qui vit sur un terrain de gens du voyage \u00e0 Nantes s\u2019est d\u00e9j\u00e0 \u00e9vad\u00e9 \u00e0 deux reprises en 2009 et 2015. De la m\u00eame fa\u00e7on, il avait profit\u00e9 de permissions de sortie pour prendre la poudre d\u2019escampette. En mars 2024, il ne s\u2019\u00e9tait pas pr\u00e9sent\u00e9 \u00e0 une comparution et avait \u00e9t\u00e9 consid\u00e9r\u00e9 \u00ab en fuite \u00bb.<\/p>\n","protected":false},"excerpt":{"rendered":"Ag\u00e9 de 37 ans, \u00c9mile Siegler participait \u00e0 une sortie culturelle au Plan\u00e9tarium de Rennes quand il s\u2019est&hellip;\n","protected":false},"author":2,"featured_media":555865,"comment_status":"","ping_status":"","sticky":false,"template":"","format":"standard","meta":{"footnotes":""},"categories":[2821],"tags":[1111,11,829,765,1777,674,3383,1011,27,848,12,584,25],"class_list":{"0":"post-555864","1":"post","2":"type-post","3":"status-publish","4":"format-standard","5":"has-post-thumbnail","7":"category-rennes","8":"tag-actu","9":"tag-actualites","10":"tag-bretagne","11":"tag-en-continu","12":"tag-eu","13":"tag-europe","14":"tag-faits-divers-a-rennes","15":"tag-fr","16":"tag-france","17":"tag-ille-et-vilaine","18":"tag-news","19":"tag-rennes","20":"tag-republique-francaise"},"share_on_mastodon":{"url":"https:\/\/pubeurope.com\/@fr\/115605936911111892","error":""},"_links":{"self":[{"href":"https:\/\/www.europesays.com\/fr\/wp-json\/wp\/v2\/posts\/555864","targetHints":{"allow":["GET"]}}],"collection":[{"href":"https:\/\/www.europesays.com\/fr\/wp-json\/wp\/v2\/posts"}],"about":[{"href":"https:\/\/www.europesays.com\/fr\/wp-json\/wp\/v2\/types\/post"}],"author":[{"embeddable":true,"href":"https:\/\/www.europesays.com\/fr\/wp-json\/wp\/v2\/users\/2"}],"replies":[{"embeddable":true,"href":"https:\/\/www.europesays.com\/fr\/wp-json\/wp\/v2\/comments?post=555864"}],"version-history":[{"count":0,"href":"https:\/\/www.europesays.com\/fr\/wp-json\/wp\/v2\/posts\/555864\/revisions"}],"wp:featuredmedia":[{"embeddable":true,"href":"https:\/\/www.europesays.com\/fr\/wp-json\/wp\/v2\/media\/555865"}],"wp:attachment":[{"href":"https:\/\/www.europesays.com\/fr\/wp-json\/wp\/v2\/media?parent=555864"}],"wp:term":[{"taxonomy":"category","embeddable":true,"href":"https:\/\/www.europesays.com\/fr\/wp-json\/wp\/v2\/categories?post=555864"},{"taxonomy":"post_tag","embeddable":true,"href":"https:\/\/www.europesays.com\/fr\/wp-json\/wp\/v2\/tags?post=555864"}],"curies":[{"name":"wp","href":"https:\/\/api.w.org\/{rel}","templated":true}]}}