{"id":555866,"date":"2025-11-24T17:49:17","date_gmt":"2025-11-24T17:49:17","guid":{"rendered":"https:\/\/www.europesays.com\/fr\/555866\/"},"modified":"2025-11-24T17:49:17","modified_gmt":"2025-11-24T17:49:17","slug":"le-grand-bleu-nikita-leon-cet-artiste-et-compositeur-des-films-de-luc-besson-en-concert-a-rennes","status":"publish","type":"post","link":"https:\/\/www.europesays.com\/fr\/555866\/","title":{"rendered":"\u00ab\u00a0Le Grand Bleu\u00a0\u00bb, \u00ab\u00a0Nikita\u00a0\u00bb, \u00ab\u00a0L\u00e9on\u00a0\u00bb&#8230; Cet artiste et compositeur des films de Luc Besson en concert \u00e0 Rennes"},"content":{"rendered":"<p>                    Par<br \/>\n        <strong><br \/>\n            <a href=\"https:\/\/actu.fr\/auteur\/clemence-pays02-actu-fr\" title=\"Consulter tous les articles de Cl\u00e9mence Pays\" target=\"_blank\" rel=\"noopener\">Cl\u00e9mence Pays<\/a><br \/>\n                    <\/strong><\/p>\n<p>        Publi\u00e9 le<\/p>\n<p>            24 nov. 2025 \u00e0 18h34        <\/p>\n<p>Vous ne connaissez peut-\u00eatre pas son nom, mais vous avez s\u00fbrement d\u00e9j\u00e0 entendu l\u2019une de ses \u0153uvres. Le compositeur et \u00ab\u2009explorateur du son\u2009\u00bb, <strong>\u00c9ric Serra<\/strong> sera en<strong> tourn\u00e9e<\/strong> dans toute la France, en 2026, annonce G\u00e9rard Drouot Productions.\u00a0Et un passage par Rennes et pr\u00e9vu.<\/p>\n<p class=\" wall-content\">Sur sc\u00e8ne l\u2019artiste c\u00e9l\u00e9brera <strong>45\u00a0ans de cr\u00e9ation.<\/strong><\/p>\n<blockquote class=\"ac-article-quote wall-content\">\n<p>Il sera tour \u00e0 tour bassiste, chanteur et chef d\u2019orchestre, entour\u00e9 de ses fid\u00e8les musiciens. Ce spectacle revisite ses \u0153uvres embl\u00e9matiques dans une version repens\u00e9e, immersive et contemporaine.<\/p>\n<p>    <strong>G\u00e9rard Drouot Productions<\/strong>\n            <\/p><\/blockquote>\n<p>Rendez-vous en novembre\u00a02026<\/p>\n<p class=\" wall-content\">Le Grand Bleu, Subway, Nikita, Le Cinqui\u00e8me \u00e9l\u00e9ment, L\u00e9on, Arthur et les Minimoys, Lucy\u2026 \u00c9ric Serra est surtout connu pour avoir imagin\u00e9 un grand nombre de <strong>bandes originales pour les films de Luc Besson.<\/strong> Il est \u00e9galement \u00e0 l\u2019origine de la B.O. de GoldenEye (de la saga James Bond) interpr\u00e9t\u00e9e par Tina Turner.<\/p>\n<p class=\" wall-content\"><a href=\"https:\/\/www.instagram.com\/p\/DRO38fojPnW\/embed\" title=\"Ouvrir le lien sur Instagram\" target=\"_blank\" rel=\"noopener\">Visualiser le contenu sur Instagram<\/a><\/p>\n<p class=\" wall-content\">\u00ab\u00c9ric Serra fa\u00e7onne depuis plus de quatre d\u00e9cennies une \u0153uvre singuli\u00e8re, <strong>\u00e0 la crois\u00e9e du rock, de l\u2019\u00e9lectronique et du symphonique\u2009\u00bb,<\/strong> d\u00e9taille la production du spectacle \u00c9RIC SERRA LIVE.<\/p>\n<p class=\" wall-content\">\u00c0 Rennes, son nouveau concert se d\u00e9roulera le <strong>mercredi 18\u00a0novembre 2026<\/strong> au Libert\u00e9. La <strong>billetterie<\/strong> est disponible <a href=\"https:\/\/www.gdp.fr\/fr\/artistes\/eric-serra-live\" target=\"_blank\" rel=\"noopener\">en ligne<\/a> et dans les points de vente habituels. Les places sont \u00e0 vendre \u00e0 partir <strong>de 46,50\u00a0euros et jusqu\u2019\u00e0 129\u00a0euros.<\/strong><\/p>\n<p class=\" wall-content\">Personnalisez votre actualit\u00e9 en ajoutant vos villes et m\u00e9dias en favori avec <a href=\"https:\/\/moncompte.actu.fr\" title=\"D\u00e9couvez Mon Actu\" rel=\"nofollow noopener\" data-trk=\"{&quot;cta&quot;:{&quot;action&quot;:&quot;https:\\\/\\\/moncompte.actu.fr&quot;,&quot;category&quot;:&quot;mon compte&quot;,&quot;from&quot;:&quot;article footer&quot;,&quot;name&quot;:&quot;Mon actu&quot;,&quot;type&quot;:&quot;cta&quot;}}\" target=\"_blank\">Mon Actu<\/a>.<\/p>\n<p>                    <script async src=\"\/\/www.instagram.com\/embed.js\"><\/script><\/p>\n","protected":false},"excerpt":{"rendered":"Par Cl\u00e9mence Pays Publi\u00e9 le 24 nov. 2025 \u00e0 18h34 Vous ne connaissez peut-\u00eatre pas son nom, mais&hellip;\n","protected":false},"author":2,"featured_media":555867,"comment_status":"","ping_status":"","sticky":false,"template":"","format":"standard","meta":{"footnotes":""},"categories":[2821],"tags":[1111,11,829,1697,1777,674,1011,27,1652,14990,873,12,584,25],"class_list":{"0":"post-555866","1":"post","2":"type-post","3":"status-publish","4":"format-standard","5":"has-post-thumbnail","7":"category-rennes","8":"tag-actu","9":"tag-actualites","10":"tag-bretagne","11":"tag-concert","12":"tag-eu","13":"tag-europe","14":"tag-fr","15":"tag-france","16":"tag-loisirs-culture","17":"tag-luc-besson","18":"tag-musique","19":"tag-news","20":"tag-rennes","21":"tag-republique-francaise"},"share_on_mastodon":{"url":"https:\/\/pubeurope.com\/@fr\/115605940745616042","error":""},"_links":{"self":[{"href":"https:\/\/www.europesays.com\/fr\/wp-json\/wp\/v2\/posts\/555866","targetHints":{"allow":["GET"]}}],"collection":[{"href":"https:\/\/www.europesays.com\/fr\/wp-json\/wp\/v2\/posts"}],"about":[{"href":"https:\/\/www.europesays.com\/fr\/wp-json\/wp\/v2\/types\/post"}],"author":[{"embeddable":true,"href":"https:\/\/www.europesays.com\/fr\/wp-json\/wp\/v2\/users\/2"}],"replies":[{"embeddable":true,"href":"https:\/\/www.europesays.com\/fr\/wp-json\/wp\/v2\/comments?post=555866"}],"version-history":[{"count":0,"href":"https:\/\/www.europesays.com\/fr\/wp-json\/wp\/v2\/posts\/555866\/revisions"}],"wp:featuredmedia":[{"embeddable":true,"href":"https:\/\/www.europesays.com\/fr\/wp-json\/wp\/v2\/media\/555867"}],"wp:attachment":[{"href":"https:\/\/www.europesays.com\/fr\/wp-json\/wp\/v2\/media?parent=555866"}],"wp:term":[{"taxonomy":"category","embeddable":true,"href":"https:\/\/www.europesays.com\/fr\/wp-json\/wp\/v2\/categories?post=555866"},{"taxonomy":"post_tag","embeddable":true,"href":"https:\/\/www.europesays.com\/fr\/wp-json\/wp\/v2\/tags?post=555866"}],"curies":[{"name":"wp","href":"https:\/\/api.w.org\/{rel}","templated":true}]}}