{"id":555870,"date":"2025-11-24T17:53:13","date_gmt":"2025-11-24T17:53:13","guid":{"rendered":"https:\/\/www.europesays.com\/fr\/555870\/"},"modified":"2025-11-24T17:53:13","modified_gmt":"2025-11-24T17:53:13","slug":"strasbourg-rencontre-avec-laurent-mauvignier-prix-goncourt-2025-2","status":"publish","type":"post","link":"https:\/\/www.europesays.com\/fr\/555870\/","title":{"rendered":"Strasbourg. Rencontre avec Laurent Mauvignier, Prix Goncourt 2025"},"content":{"rendered":"<p>Le Goncourt obtenu le 4\u00a0novembre par <a href=\"https:\/\/www.dna.fr\/culture\/2016\/10\/08\/chevaucher-ses-peurs\" target=\"_blank\" rel=\"noopener\">Laurent Mauvignier<\/a> \u00a0a propuls\u00e9 l\u2019\u00e9crivain en t\u00eate des ventes. Son roman, La Maison vide (\u00e9d. Minuit) a \u00e9t\u00e9 r\u00e9imprim\u00e9 huit fois et il s\u2019en \u00e9tait vendu 160\u00a0204 exemplaires \u00e0 peine une semaine apr\u00e8s avoir \u00e9t\u00e9 prim\u00e9. Ce cru sera sans doute un beau carton plein\u2026 Largement m\u00e9rit\u00e9\u00a0!<\/p>\n<p>  Articuler des r\u00e9cits intimes et politiques<\/p>\n<p>Les 741 pages pourraient effrayer. Et pourtant, ouvrir les portes et les fen\u00eatres de cette maison vide, guid\u00e9 par <a href=\"https:\/\/www.dna.fr\/p\/laurent-mauvignier\" target=\"_blank\" rel=\"noopener\">Laurent Mauvignier<\/a>, c\u2019est cheminer dans le roman de sa famille sur quatre g\u00e9n\u00e9rations. C\u2019est y r\u00e9fl\u00e9chir \u00e0 sa propre histoire familiale en se l\u2019appropriant. \u00c0 l\u2019\u00e9coute des silences, en observant ce que les hontes pass\u00e9es font aux g\u00e9n\u00e9rations suivantes.<\/p>\n<p>  Un cancer pendant la r\u00e9daction du livre<\/p>\n<p>Laurent Mauvignier impressionne par son \u00e9criture. Un style balzacien \u00e0 rebours de ce que l\u2019on peut lire aujourd\u2019hui. Simple mais ample, \u00e9vocateur mais sans s\u00e9cheresse documentaire. La d\u00e9marche de Laurent Mauvignier depuis ses premiers livres articule des r\u00e9cits intimes et politiques. Le cas de La Maison vide est particulier car pendant qu\u2019il l\u2019\u00e9crivait, le futur r\u00e9cipiendaire du Goncourt 2025 a eu un cancer.<\/p>\n<p>La rentr\u00e9e litt\u00e9raire a \u00e9t\u00e9 satur\u00e9e par des romans atrabilaires sur les p\u00e8res, les m\u00e8res,\u00a0etc. Laurent Mauvignier n\u2019est pas dans un repli sur l\u2019intime avec <a href=\"https:\/\/www.dna.fr\/edition-de-strasbourg\/2014\/10\/04\/rien-n-arrete-la-vague\" target=\"_blank\" rel=\"noopener\">ce dixi\u00e8me livre<\/a>. M\u00eame s\u2019il \u00e9crit, et c\u2019est nouveau, \u00e0 la premi\u00e8re personne du singulier.<\/p>\n<p>Avant tout, c\u2019est un projet litt\u00e9raire. \u00ab\u00a0Ici je ne fais que des suppositions, des sp\u00e9culations \u2013 du roman \u2013\u2026 mais je crois que si ce que j\u2019\u00e9cris ici est un monde que je d\u00e9couvre en partie en le r\u00eavant, je ne l\u2019invente pas tout \u00e0 fait\u00a0: je le reconstruis pi\u00e8ce \u00e0 pi\u00e8ce, comme une machine d\u2019un autre temps dont on d\u00e9couvre que le m\u00e9canisme a pourtant fonctionn\u00e9 un jour et qu\u2019il suffit de remonter pour qu\u2019il puisse red\u00e9marrer\u00a0\u00bb.<\/p>\n<p>  Des personnages f\u00e9minins bouleversants<\/p>\n<p>Quand l\u2019archive familiale a \u00e9t\u00e9 le terreau de plusieurs romans \u2013 tel  Mon vrai nom est \u00c9lisabeth d\u2019Ad\u00e8le Yon \u2013 , les fondations de la maison vide de Laurent Mauvignier reposent sur les r\u00e9cits qui lui ont \u00e9t\u00e9 transmis enfant. M\u00eame s\u2019il n\u2019est pas tout \u00e0 fait le narrateur.<\/p>\n<p>Les personnages de femmes, dont la bouleversante Marie-Ernestine, l\u2019arri\u00e8re-grand-m\u00e8re paternelle, continuent de nous accompagner apr\u00e8s la lecture. Le livre se referme sur son piano autour duquel se rassemblent ses descendants, dont l\u2019\u00e9crivain. Apr\u00e8s tant d\u2019ann\u00e9es, la maison n\u2019est plus vide.<\/p>\n<p class=\"note\">Ce mardi 25\u00a0novembre \u00e0 19\u00a0h, \u00e0 la librairie Quai des Brumes, \u00e0 Strasbourg. <a href=\"https:\/\/quaidesbrumes.com\" title=\"quaidesbrumes.com\" target=\"_blank\" rel=\"noopener\">quaidesbrumes.com<\/a><\/p>\n","protected":false},"excerpt":{"rendered":"Le Goncourt obtenu le 4\u00a0novembre par Laurent Mauvignier \u00a0a propuls\u00e9 l\u2019\u00e9crivain en t\u00eate des ventes. Son roman, La&hellip;\n","protected":false},"author":2,"featured_media":555869,"comment_status":"","ping_status":"","sticky":false,"template":"","format":"standard","meta":{"footnotes":""},"categories":[2820],"tags":[1111,11,2389,1687,1777,674,107,1011,27,775,2410,12,25,640],"class_list":{"0":"post-555870","1":"post","2":"type-post","3":"status-publish","4":"format-standard","5":"has-post-thumbnail","7":"category-strasbourg","8":"tag-actu","9":"tag-actualites","10":"tag-alsace","11":"tag-culture-loisirs","12":"tag-eu","13":"tag-europe","14":"tag-fil-info","15":"tag-fr","16":"tag-france","17":"tag-grand-est","18":"tag-livres-bd","19":"tag-news","20":"tag-republique-francaise","21":"tag-strasbourg"},"share_on_mastodon":{"url":"https:\/\/pubeurope.com\/@fr\/115605956496857274","error":""},"_links":{"self":[{"href":"https:\/\/www.europesays.com\/fr\/wp-json\/wp\/v2\/posts\/555870","targetHints":{"allow":["GET"]}}],"collection":[{"href":"https:\/\/www.europesays.com\/fr\/wp-json\/wp\/v2\/posts"}],"about":[{"href":"https:\/\/www.europesays.com\/fr\/wp-json\/wp\/v2\/types\/post"}],"author":[{"embeddable":true,"href":"https:\/\/www.europesays.com\/fr\/wp-json\/wp\/v2\/users\/2"}],"replies":[{"embeddable":true,"href":"https:\/\/www.europesays.com\/fr\/wp-json\/wp\/v2\/comments?post=555870"}],"version-history":[{"count":0,"href":"https:\/\/www.europesays.com\/fr\/wp-json\/wp\/v2\/posts\/555870\/revisions"}],"wp:featuredmedia":[{"embeddable":true,"href":"https:\/\/www.europesays.com\/fr\/wp-json\/wp\/v2\/media\/555869"}],"wp:attachment":[{"href":"https:\/\/www.europesays.com\/fr\/wp-json\/wp\/v2\/media?parent=555870"}],"wp:term":[{"taxonomy":"category","embeddable":true,"href":"https:\/\/www.europesays.com\/fr\/wp-json\/wp\/v2\/categories?post=555870"},{"taxonomy":"post_tag","embeddable":true,"href":"https:\/\/www.europesays.com\/fr\/wp-json\/wp\/v2\/tags?post=555870"}],"curies":[{"name":"wp","href":"https:\/\/api.w.org\/{rel}","templated":true}]}}