{"id":555871,"date":"2025-11-24T17:54:14","date_gmt":"2025-11-24T17:54:14","guid":{"rendered":"https:\/\/www.europesays.com\/fr\/555871\/"},"modified":"2025-11-24T17:54:14","modified_gmt":"2025-11-24T17:54:14","slug":"meteo-a-nice-averses-rafales-de-vent-et-soleil-les-previsions-de-la-semaine","status":"publish","type":"post","link":"https:\/\/www.europesays.com\/fr\/555871\/","title":{"rendered":"M\u00e9t\u00e9o \u00e0 Nice. Averses, rafales de vent et soleil, les pr\u00e9visions de la semaine"},"content":{"rendered":"<p>                    Par<br \/>\n        <strong><br \/>\n            <a href=\"https:\/\/actu.fr\/auteur\/ugo-maillard\" title=\"Consulter tous les articles de Ugo Maillard\" target=\"_blank\" rel=\"noopener\">Ugo Maillard<\/a><br \/>\n                    <\/strong><\/p>\n<p>        Publi\u00e9 le<\/p>\n<p>            24 nov. 2025 \u00e0 15h37        <\/p>\n<p>Un climat instable dans le ciel de la C\u00f4te d\u2019Azur. La semaine du lundi\u00a028 au dimanche 30\u00a0novembre devrait \u00eatre marqu\u00e9e par une <strong>instabilit\u00e9<\/strong> \u00e0 <a href=\"https:\/\/actu.fr\/nice\/\" target=\"_blank\" rel=\"noopener\">Nice<\/a> et dans les <a href=\"https:\/\/actu.fr\/provence-alpes-cote-d-azur\/alpes-maritimes_06\" target=\"_blank\" rel=\"noopener\">Alpes-Maritimes<\/a>.<\/p>\n<p class=\" wall-content\">Au programme, belles \u00e9claircies, coup de vent et averses. Le d\u00e9tail avec les pr\u00e9visions m\u00e9t\u00e9orologiques de M\u00e9t\u00e9o France pour les sept prochains jours.<\/p>\n<p>De fortes rafales de vent mardi<\/p>\n<p class=\" wall-content\">Apr\u00e8s une journ\u00e9e de lundi rythm\u00e9e par la pr\u00e9sence de nuages et l\u2019apparition de quelques gouttes de pluie en fin de journ\u00e9e, un ciel d\u00e9gag\u00e9 est annonc\u00e9 le mardi.<\/p>\n<p class=\" wall-content\">Pour ce deuxi\u00e8me jour de la semaine, M\u00e9t\u00e9o France pr\u00e9voit le passage de fortes bourrasques sur le littoral azur\u00e9en. Au cours de l\u2019apr\u00e8s-midi, des rafales pouvant atteindre les <strong>50\u00a0km\/h<\/strong> sont attendues dans les rues de Nice.<\/p>\n<blockquote class=\"ac-article-quote wall-content\">\n<p>\u00c9tablissement d&rsquo;un vent d&rsquo;ouest, assez fort, aux premi\u00e8res heures du jour, puis att\u00e9nuation.<\/p>\n<p>    <strong>M\u00e9t\u00e9o France<\/strong>\n            <\/p><\/blockquote>\n<p class=\" wall-content\">C\u00f4t\u00e9 temp\u00e9ratures, le mercure devrait afficher entre 8 et 16\u00b0C.<\/p>\n<p>Un retour du soleil<\/p>\n<p class=\" wall-content\">Un temps calme et doux pour une grande partie de la semaine. \u00c0 partir du mercredi 26\u00a0novembre, les habitants de Nice vont pouvoir profiter de conditions m\u00e9t\u00e9orologiques particuli\u00e8rement agr\u00e9ables pour la saison.<\/p>\n<p>Votre r\u00e9gion, votre actu !<\/p>\n<p>Recevez chaque jour les infos qui comptent pour vous.<\/p>\n<p>\t<a href=\"https:\/\/actu.fr\/newsletter\" class=\"ac-btn ac-btn--corner ac-btn--medium ac-btn--blue800\" target=\"_blank\" rel=\"noopener\">S&rsquo;incrire<\/a><\/p>\n<p class=\" wall-content\">Les temp\u00e9ratures seront comprises <strong>entre 6 et 17\u00b0C<\/strong> dans la ville pr\u00e9fecture des Alpes-Maritimes. Le soleil sera tr\u00e8s largement pr\u00e9sent dans le ciel ni\u00e7ois.<\/p>\n<p>Des averses en fin de semaine<\/p>\n<p class=\" wall-content\">Dimanche, dernier jour du mois de novembre, sera marqu\u00e9 par des averses. Selon les donn\u00e9es m\u00e9t\u00e9orologiques, la <strong>pluie devrait faire son retour<\/strong> tout au long de la journ\u00e9e.<\/p>\n<p class=\" wall-content\">\u00c0 noter que les pr\u00e9visions pour la fin de semaine doivent \u00eatre pr\u00e9cis\u00e9es ces prochaines heures.<\/p>\n<p class=\" wall-content\">Personnalisez votre actualit\u00e9 en ajoutant vos villes et m\u00e9dias en favori avec <a href=\"https:\/\/moncompte.actu.fr\" title=\"D\u00e9couvez Mon Actu\" rel=\"nofollow noopener\" data-trk=\"{&quot;cta&quot;:{&quot;action&quot;:&quot;https:\\\/\\\/moncompte.actu.fr&quot;,&quot;category&quot;:&quot;mon compte&quot;,&quot;from&quot;:&quot;article footer&quot;,&quot;name&quot;:&quot;Mon actu&quot;,&quot;type&quot;:&quot;cta&quot;}}\" target=\"_blank\">Mon Actu<\/a>.<\/p>\n","protected":false},"excerpt":{"rendered":"Par Ugo Maillard Publi\u00e9 le 24 nov. 2025 \u00e0 15h37 Un climat instable dans le ciel de la&hellip;\n","protected":false},"author":2,"featured_media":555872,"comment_status":"","ping_status":"","sticky":false,"template":"","format":"standard","meta":{"footnotes":""},"categories":[2819],"tags":[1111,11,1777,674,1011,27,2487,2357,12,2401,882,25],"class_list":{"0":"post-555871","1":"post","2":"type-post","3":"status-publish","4":"format-standard","5":"has-post-thumbnail","7":"category-nice","8":"tag-actu","9":"tag-actualites","10":"tag-eu","11":"tag-europe","12":"tag-fr","13":"tag-france","14":"tag-meteo","15":"tag-meteo-france","16":"tag-news","17":"tag-nice","18":"tag-provence-alpes-cote-dazur","19":"tag-republique-francaise"},"share_on_mastodon":{"url":"https:\/\/pubeurope.com\/@fr\/115605960653200625","error":""},"_links":{"self":[{"href":"https:\/\/www.europesays.com\/fr\/wp-json\/wp\/v2\/posts\/555871","targetHints":{"allow":["GET"]}}],"collection":[{"href":"https:\/\/www.europesays.com\/fr\/wp-json\/wp\/v2\/posts"}],"about":[{"href":"https:\/\/www.europesays.com\/fr\/wp-json\/wp\/v2\/types\/post"}],"author":[{"embeddable":true,"href":"https:\/\/www.europesays.com\/fr\/wp-json\/wp\/v2\/users\/2"}],"replies":[{"embeddable":true,"href":"https:\/\/www.europesays.com\/fr\/wp-json\/wp\/v2\/comments?post=555871"}],"version-history":[{"count":0,"href":"https:\/\/www.europesays.com\/fr\/wp-json\/wp\/v2\/posts\/555871\/revisions"}],"wp:featuredmedia":[{"embeddable":true,"href":"https:\/\/www.europesays.com\/fr\/wp-json\/wp\/v2\/media\/555872"}],"wp:attachment":[{"href":"https:\/\/www.europesays.com\/fr\/wp-json\/wp\/v2\/media?parent=555871"}],"wp:term":[{"taxonomy":"category","embeddable":true,"href":"https:\/\/www.europesays.com\/fr\/wp-json\/wp\/v2\/categories?post=555871"},{"taxonomy":"post_tag","embeddable":true,"href":"https:\/\/www.europesays.com\/fr\/wp-json\/wp\/v2\/tags?post=555871"}],"curies":[{"name":"wp","href":"https:\/\/api.w.org\/{rel}","templated":true}]}}