{"id":555873,"date":"2025-11-24T17:55:17","date_gmt":"2025-11-24T17:55:17","guid":{"rendered":"https:\/\/www.europesays.com\/fr\/555873\/"},"modified":"2025-11-24T17:55:17","modified_gmt":"2025-11-24T17:55:17","slug":"christian-estrosi-promet-de-mener-une-guerre-contre-le-narcoterrorisme-ce-quil-denonce-ce-quil-propose","status":"publish","type":"post","link":"https:\/\/www.europesays.com\/fr\/555873\/","title":{"rendered":"Christian Estrosi promet de mener \u00ab\u00a0une guerre contre le narcoterrorisme\u00a0\u00bb, ce qu&rsquo;il d\u00e9nonce, ce qu&rsquo;il propose"},"content":{"rendered":"<p><strong><a href=\"https:\/\/nicepresse.com\/municipales\/\" data-wpel-link=\"internal\" target=\"_blank\" rel=\"noopener\">Municipales 2026<\/a> &#8211; Samedi 22 novembre, Christian Estrosi a\u00a0officiellement lanc\u00e9 sa campagne vers les municipales 2026 avec un premier meeting. Au programme notamment, son engagement dans une \u00ab\u00a0guerre contre le narcoterrorisme\u00a0\u00bb. Histoire de garantir \u00e0\u00a0Nice de ne pas rejoindre la d\u00e9sastreuse situation marseillaise, un mois apr\u00e8s une \u00e9ni\u00e8me fusillade aux Moulins.<\/strong><\/p>\n<p>Un grand raout avec 3000 personnes, selon ses proches. Ce week-end depuis le port Lympia, Christian Estrosi entamait sa campagne \u00e9lectorale\u00a0: une rencontre avec ses sympathisants au coeur du nouveau centre des congr\u00e8s Oc\u00e9aNice pour lancer le combat.<\/p>\n<p>L\u2019occasion de dresser son \u00ab\u00a0auto-bilan\u00a0\u00bb des derni\u00e8res ann\u00e9es, tout en \u00e9gratignant ses principaux concurrents (\u00ab\u00a0la gauche LFI\u00a0\u00bb, le \u00ab\u00a0repr\u00e9sentant de l\u2019extr\u00eame droite\u00a0\u00bb, comprendre Eric Ciotti,\u2026) Mais surtout, il a\u00a0pu esquisser les g\u00e9n\u00e9ralit\u00e9s de son ambition pour la ville, \u00e9voquant l\u2019un <a href=\"https:\/\/nicepresse.com\/alpes-maritimes-cambriolages-narcotrafic-agressions-comment-la-delinquance-a-t-elle-evolue-ces-derniers-mois-dans-le-departement-de-nice\/\" data-wpel-link=\"internal\" target=\"_blank\" rel=\"noopener\">des principaux fl\u00e9aux<\/a>, le trafic de drogues.<\/p>\n<p>L\u2019\u00e9lu maralpin a\u00a0attaqu\u00e9 par ces mots\u00a0: \u00ab\u00a0ce n\u2019est pas le moment de faire preuve d\u2019amateurisme ou d\u2019ang\u00e9lisme. Nous sommes en guerre<a href=\"https:\/\/nicepresse.com\/trafic-de-drogue-creation-dun-parquet-national-du-crime-organise-nouvelles-sanctions-quy-a-t-il-dans-la-loi-narcotrafic\/\" data-wpel-link=\"internal\" target=\"_blank\" rel=\"noopener\"> contre le narcoterrorisme<\/a>.\u00a0\u00bb Rappelant <a href=\"https:\/\/nicepresse.com\/desormais-juge-aussi-grave-que-le-terrorisme-en-region-paca-le-meurtre-de-mehdi-kessaci-fait-basculer-la-lutte-contre-le-narcotrafic\/\" data-wpel-link=\"internal\" target=\"_blank\" rel=\"noopener\">l\u2019inacceptable assassinat de Mehdi Kessaci<\/a>, fr\u00e8re du militant engag\u00e9 contre le deal Amine Kessaci, l\u2019\u00e9dile a\u00a0appel\u00e9 chacun \u00e0\u00a0passer la seconde.<\/p>\n<p>Pour Estrosi, l\u2019\u00c9tat doit \u00ab\u00a0arr\u00eater d\u2019avoir la main qui tremble\u00a0\u00bb<\/p>\n<p>Ainsi, Christian Estrosi en appelle <a href=\"https:\/\/nicepresse.com\/provence-alpes-cote-dazur-face-a-lultra-violence-du-narcotrafic-le-degout-de-la-republique\/\" data-wpel-link=\"internal\" target=\"_blank\" rel=\"noopener\">\u00e0\u00a0l\u2019\u00c9tat, et lui demande<\/a> \u00ab\u00a0d\u2019arr\u00eater d\u2019avoir la main qui tremble. Ceux qui pensent que l\u2019on peut mener la guerre avec l\u2019arme au pied sont des menteurs.\u00a0\u00bb Pour lui, \u00ab\u00a0il est venu le temps de la contre-offensive.\u00a0\u00bb Sans d\u00e9voiler l\u2019enti\u00e8ret\u00e9 de son programme, le vice-pr\u00e9sident du parti Horizons a\u00a0expliqu\u00e9 ce qu\u2019il comptait faire pour frapper les trafiquants \u00e0\u00a0tous les niveaux.<\/p>\n<p>\u00ab\u00a0Il faut taper les chefs, leur confisquer leurs voitures, saisir leurs comptes\u2026 <a href=\"https:\/\/nicepresse.com\/plus-dallocations-pour-les-dealers-comment-les-trafiquants-seront-sanctionnes-a-nice-et-ses-alentours-grace-a-un-nouveau-dispositif\/\" data-wpel-link=\"internal\" target=\"_blank\" rel=\"noopener\">Ne rien leur laisser<\/a>. On doit tout prendre\u00a0\u00bb, a-t-il clam\u00e9. Et pour leurs soutiens (nourrices, guetteurs\u2026), le Ni\u00e7ois r\u00e9clame que la justice se montre tout aussi \u00ab\u00a0intraitable\u00a0\u00bb. \u00ab\u00a0Leur place est en prison, les menottes aux mains\u00a0\u00bb, a-t-il ajout\u00e9. Ce qui n\u00e9cessite, de fait, surtout des r\u00e9formes nationales.<\/p>\n<p>Par exemple, et comme la municipalit\u00e9 l\u2019applique d\u00e9j\u00e0 depuis plusieurs ann\u00e9es, les familles \u00ab\u00a0qui profitent du crime\u00a0\u00bb, ne doivent plus \u00ab\u00a0b\u00e9n\u00e9ficier des logements sociaux\u00a0\u00bb. Il a\u00a0par ailleurs rappel\u00e9 que 350 personnes <a href=\"https:\/\/nicepresse.com\/183-personnes-expulsees-de-leur-hlm-rien-quen-2024-a-nice-une-convention-renforcee-pour-lutter-contre-dealers-delinquants-et-squatteurs\/\" data-wpel-link=\"internal\" target=\"_blank\" rel=\"noopener\">ont \u00e9t\u00e9 expuls\u00e9es<\/a> des HLM pour ce motif, sur trois ans, gr\u00e2ce \u00e0\u00a0la convention n\u00e9goci\u00e9e par le pr\u00e9sident de C\u00f4te d\u2019Azur Habitat Anthony Borr\u00e9.<\/p>\n<p>Nouvelle brigade des stups \u00e0\u00a0Nice et \u00ab\u00a0plan g\u00e9n\u00e9ral de s\u00e9curit\u00e9\u00a0\u00bb<\/p>\n<p>D\u00e9plorant la reprise des points de deal \u00ab\u00a0quelques heures apr\u00e8s leur d\u00e9mant\u00e8lement par la police, apr\u00e8s des semaines et des mois d\u2019enqu\u00eate\u00a0\u00bb, il requiert l\u2019intervention de la force Sentinelle, donc de l\u2019Arm\u00e9e de terre, et le renfort de 250 policiers nationaux \u00ab\u00a0pour compenser <a href=\"https:\/\/nicepresse.com\/delinquance-seulement-2-nouveaux-policiers-a-nice-apres-la-fusillade-meurtriere-les-syndicats-estrosi-et-ciotti-en-colere-du-niveau-des-effectifs\/\" data-wpel-link=\"internal\" target=\"_blank\" rel=\"noopener\">les pertes d\u2019effectifs<\/a> depuis des ann\u00e9es\u00a0\u00bb.<\/p>\n<p>Parmi les annonces fortes \u00e0\u00a0retenir, cette nouvelle brigade anti-stups au sein de la police municipale. Une fois sur pied, elle serait \u00ab\u00a0mise \u00e0\u00a0disposition\u00a0\u00bb du pr\u00e9fet et du procureur. Tout ceci dans le cadre d\u2019un vaste projet d\u00e9voil\u00e9 dans les semaines \u00e0\u00a0venir, et \u00ab\u00a0l\u2019annonce d\u2019un grand plan g\u00e9n\u00e9ral de s\u00e9curit\u00e9.\u00a0\u00bb <\/p>\n<p><a href=\"https:\/\/www.nice.fr\/noel-a-nice\/\" data-wpel-link=\"external\" target=\"_blank\" rel=\"external noopener noreferrer\"><img loading=\"lazy\" decoding=\"async\" width=\"300\" height=\"300\" src=\"https:\/\/www.europesays.com\/fr\/wp-content\/uploads\/2025\/11\/NoelNice_Coeur-Article-NicePresse-300x300-2.png\" alt=\"\" class=\"wp-image-260426\"\/><\/a><\/p>\n","protected":false},"excerpt":{"rendered":"Municipales 2026 &#8211; Samedi 22 novembre, Christian Estrosi a\u00a0officiellement lanc\u00e9 sa campagne vers les municipales 2026 avec un&hellip;\n","protected":false},"author":2,"featured_media":555874,"comment_status":"","ping_status":"","sticky":false,"template":"","format":"standard","meta":{"footnotes":""},"categories":[2819],"tags":[1111,11,1777,674,1011,27,12,2401,882,25],"class_list":{"0":"post-555873","1":"post","2":"type-post","3":"status-publish","4":"format-standard","5":"has-post-thumbnail","7":"category-nice","8":"tag-actu","9":"tag-actualites","10":"tag-eu","11":"tag-europe","12":"tag-fr","13":"tag-france","14":"tag-news","15":"tag-nice","16":"tag-provence-alpes-cote-dazur","17":"tag-republique-francaise"},"share_on_mastodon":{"url":"https:\/\/pubeurope.com\/@fr\/115605965391615228","error":""},"_links":{"self":[{"href":"https:\/\/www.europesays.com\/fr\/wp-json\/wp\/v2\/posts\/555873","targetHints":{"allow":["GET"]}}],"collection":[{"href":"https:\/\/www.europesays.com\/fr\/wp-json\/wp\/v2\/posts"}],"about":[{"href":"https:\/\/www.europesays.com\/fr\/wp-json\/wp\/v2\/types\/post"}],"author":[{"embeddable":true,"href":"https:\/\/www.europesays.com\/fr\/wp-json\/wp\/v2\/users\/2"}],"replies":[{"embeddable":true,"href":"https:\/\/www.europesays.com\/fr\/wp-json\/wp\/v2\/comments?post=555873"}],"version-history":[{"count":0,"href":"https:\/\/www.europesays.com\/fr\/wp-json\/wp\/v2\/posts\/555873\/revisions"}],"wp:featuredmedia":[{"embeddable":true,"href":"https:\/\/www.europesays.com\/fr\/wp-json\/wp\/v2\/media\/555874"}],"wp:attachment":[{"href":"https:\/\/www.europesays.com\/fr\/wp-json\/wp\/v2\/media?parent=555873"}],"wp:term":[{"taxonomy":"category","embeddable":true,"href":"https:\/\/www.europesays.com\/fr\/wp-json\/wp\/v2\/categories?post=555873"},{"taxonomy":"post_tag","embeddable":true,"href":"https:\/\/www.europesays.com\/fr\/wp-json\/wp\/v2\/tags?post=555873"}],"curies":[{"name":"wp","href":"https:\/\/api.w.org\/{rel}","templated":true}]}}