{"id":555875,"date":"2025-11-24T17:56:12","date_gmt":"2025-11-24T17:56:12","guid":{"rendered":"https:\/\/www.europesays.com\/fr\/555875\/"},"modified":"2025-11-24T17:56:12","modified_gmt":"2025-11-24T17:56:12","slug":"se-rassembler-semble-une-necessite-le-festival-culture-bar-bars-sinstalle-a-lembarcadere-pour-trois-rendez-vous-musicaux-a-lorient","status":"publish","type":"post","link":"https:\/\/www.europesays.com\/fr\/555875\/","title":{"rendered":"\u00ab\u00a0Se rassembler semble une n\u00e9cessit\u00e9\u00a0\u00bb\u00a0: Le festival Culture Bar-bars s\u2019installe \u00e0 L\u2019embarcad\u00e8re pour trois rendez-vous musicaux \u00e0 Lorient"},"content":{"rendered":"<p>La 23e \u00e9dition du <a href=\"https:\/\/festival.bar-bars.com\/\" title=\"festival.bar-bars.com\" target=\"_blank\" rel=\"noopener\">festival Culture Bar-bars<\/a> est de retour du mercredi 26 au dimanche 30 novembre 2025. L\u2019\u00e9v\u00e9nement met en lumi\u00e8re la diversit\u00e9 et la richesse des lieux de proximit\u00e9, tremplins essentiels du d\u00e9veloppement de la sc\u00e8ne et des artistes. Pour l\u2019occasion, L\u2019embarcad\u00e8re, \u00e0 Lorient, accueillera trois \u00e9v\u00e9nements musicaux\u00a0: vendredi 28 novembre, \u00e0 20\u00a0h\u00a030, le trio electro-pop fran\u00e7ais Lune\u00a0; samedi 29, \u00e0 16\u00a0h, le beatboxer de talent, David Terosier, puis, \u00e0 20\u00a0h\u00a030, la jam-session de Chaleur, pour des improvisations musicales.<\/p>\n<p>\u00ab\u00a0Se rassembler semble une n\u00e9cessit\u00e9\u00a0\u00bb<\/p>\n<p>Le festival se tient simultan\u00e9ment dans 70 villes fran\u00e7aises, dont seize en Bretagne. Depuis plus de 25 ans, le collectif Culture Bar-bars se bat pour d\u00e9fendre et pr\u00e9server tous les lieux indispensables \u00e0 la carri\u00e8re des artistes et au bien-\u00eatre du public, tels que les bistrots, bars, restaurants, clubs et caf\u00e9s. \u00ab\u00a0C\u2019est un appel \u00e0 la joie, \u00e0 la rencontre et au partage, souligne Denis Tall\u00e9dec, directeur de l\u2019association. Dans un monde o\u00f9 le futur est incertain, se rassembler semble une n\u00e9cessit\u00e9. La joie est un acte de r\u00e9sistance et invite \u00e0 d\u00e9couvrir des artistes, \u00e0 retrouver ses voisins, ses amis. Et la f\u00eate est un cr\u00e9ateur de lien et de solidarit\u00e9\u00a0\u00bb.<\/p>\n<p>Des partenaires engag\u00e9s<\/p>\n<p>Le festival peut compter sur le groupe Ko Ko Mo, parrains de cette nouvelle \u00e9dition\u00a0: un duo nantais qui a d\u00e9but\u00e9 dans des caf\u00e9s, avant de se produire devant les foules. Et Than\u00e9e, marraine, figure de la nouvelle g\u00e9n\u00e9ration du stand up fran\u00e7ais. Le collectif s\u2019est associ\u00e9, notamment, \u00e0 l\u2019association Pr\u00e9vention et mod\u00e9ration, afin d\u2019informer et sensibiliser sur les cons\u00e9quences n\u00e9fastes de l\u2019alcool et des psychotropes, mais aussi avec R\u00e8gles \u00e9l\u00e9mentaires, Consentis et Les Catherinettes, pour \u00e9changer sur le sujet des violences sexistes et sexuelles. Les diff\u00e9rents lieux du festival seront dot\u00e9s d\u2019un Violentom\u00e8tre, pour \u00ab\u00a0mesurer\u00a0\u00bb si sa relation amoureuse est bas\u00e9e sur le consentement et ne comporte pas de violences.<\/p>\n<p><b>Pratique<\/b><\/p>\n","protected":false},"excerpt":{"rendered":"La 23e \u00e9dition du festival Culture Bar-bars est de retour du mercredi 26 au dimanche 30 novembre 2025.&hellip;\n","protected":false},"author":2,"featured_media":555876,"comment_status":"","ping_status":"","sticky":false,"template":"","format":"standard","meta":{"footnotes":""},"categories":[2818],"tags":[1111,11,1777,674,1011,27,1781,766,12,2636,25],"class_list":{"0":"post-555875","1":"post","2":"type-post","3":"status-publish","4":"format-standard","5":"has-post-thumbnail","7":"category-nantes","8":"tag-actu","9":"tag-actualites","10":"tag-eu","11":"tag-europe","12":"tag-fr","13":"tag-france","14":"tag-lorient","15":"tag-nantes","16":"tag-news","17":"tag-pays-de-la-loire","18":"tag-republique-francaise"},"share_on_mastodon":{"url":"https:\/\/pubeurope.com\/@fr\/115605968273383269","error":""},"_links":{"self":[{"href":"https:\/\/www.europesays.com\/fr\/wp-json\/wp\/v2\/posts\/555875","targetHints":{"allow":["GET"]}}],"collection":[{"href":"https:\/\/www.europesays.com\/fr\/wp-json\/wp\/v2\/posts"}],"about":[{"href":"https:\/\/www.europesays.com\/fr\/wp-json\/wp\/v2\/types\/post"}],"author":[{"embeddable":true,"href":"https:\/\/www.europesays.com\/fr\/wp-json\/wp\/v2\/users\/2"}],"replies":[{"embeddable":true,"href":"https:\/\/www.europesays.com\/fr\/wp-json\/wp\/v2\/comments?post=555875"}],"version-history":[{"count":0,"href":"https:\/\/www.europesays.com\/fr\/wp-json\/wp\/v2\/posts\/555875\/revisions"}],"wp:featuredmedia":[{"embeddable":true,"href":"https:\/\/www.europesays.com\/fr\/wp-json\/wp\/v2\/media\/555876"}],"wp:attachment":[{"href":"https:\/\/www.europesays.com\/fr\/wp-json\/wp\/v2\/media?parent=555875"}],"wp:term":[{"taxonomy":"category","embeddable":true,"href":"https:\/\/www.europesays.com\/fr\/wp-json\/wp\/v2\/categories?post=555875"},{"taxonomy":"post_tag","embeddable":true,"href":"https:\/\/www.europesays.com\/fr\/wp-json\/wp\/v2\/tags?post=555875"}],"curies":[{"name":"wp","href":"https:\/\/api.w.org\/{rel}","templated":true}]}}