{"id":555879,"date":"2025-11-24T17:58:11","date_gmt":"2025-11-24T17:58:11","guid":{"rendered":"https:\/\/www.europesays.com\/fr\/555879\/"},"modified":"2025-11-24T17:58:11","modified_gmt":"2025-11-24T17:58:11","slug":"a-bordeaux-une-creation-immersive-pour-comprendre-loeuvre-de-lauteur-des-essais","status":"publish","type":"post","link":"https:\/\/www.europesays.com\/fr\/555879\/","title":{"rendered":"\u00e0 Bordeaux, une cr\u00e9ation immersive pour comprendre l\u2019\u0153uvre de l\u2019auteur des \u00ab\u00a0Essais\u00a0\u00bb"},"content":{"rendered":"<p>\u00ab\u00a0On voulait que toute la population puisse comprendre l\u2019\u0153uvre de l\u2019auteur\u00a0\u00bb, explique Yoann Bourion, directeur des biblioth\u00e8ques de Bordeaux. Et pour le studio bordelais, cet appel d\u2019offres \u00e9tait une vraie aubaine. \u00ab\u00a0On travaille sur des projets autour du monde, \u00e0 Paris, \u00e0 Nice, ou m\u00eame au Nigeria, mais rarement \u00e0 Bordeaux. Donc quand on a vu que c\u2019\u00e9tait local, on a saut\u00e9 sur l\u2019occasion\u00a0\u00bb, souligne Boris Gambet, responsable d\u2019HoloForge, division sp\u00e9cialis\u00e9e dans les \u0153uvres immersives chez Asobo.<\/p>\n<p>Une immersion accessible \u00e0 tous<\/p>\n<p>Le projet \u00e0 100\u00a0000\u00a0euros (financ\u00e9 par l\u2019\u00c9tat \u00e0 hauteur de 80\u00a0%) aura pris trois ans pour voir le jour. \u00ab\u00a0Le premier challenge, \u00e7a a \u00e9t\u00e9 de respecter le s\u00e9rieux des ouvrages\u00a0\u00bb, explique Boris Gambet. Pour cela, HoloForge a pu collaborer avec Matthieu Gerbault, conservateur \u00e0 la m\u00e9diath\u00e8que de Bordeaux. \u00ab\u00a0On a \u00e9t\u00e9 oblig\u00e9s de trouver un compromis entre la volont\u00e9 de reconstitution et les questions de logistique et d\u2019immersion\u00a0\u00bb, pr\u00e9cise le conservateur.<\/p>\n","protected":false},"excerpt":{"rendered":"\u00ab\u00a0On voulait que toute la population puisse comprendre l\u2019\u0153uvre de l\u2019auteur\u00a0\u00bb, explique Yoann Bourion, directeur des biblioth\u00e8ques de&hellip;\n","protected":false},"author":2,"featured_media":555880,"comment_status":"","ping_status":"","sticky":false,"template":"","format":"standard","meta":{"footnotes":""},"categories":[2817],"tags":[1111,11,1997,1777,674,1011,27,12,2219,25],"class_list":{"0":"post-555879","1":"post","2":"type-post","3":"status-publish","4":"format-standard","5":"has-post-thumbnail","7":"category-bordeaux","8":"tag-actu","9":"tag-actualites","10":"tag-bordeaux","11":"tag-eu","12":"tag-europe","13":"tag-fr","14":"tag-france","15":"tag-news","16":"tag-nouvelle-aquitaine","17":"tag-republique-francaise"},"share_on_mastodon":{"url":"https:\/\/pubeurope.com\/@fr\/115605976103927777","error":""},"_links":{"self":[{"href":"https:\/\/www.europesays.com\/fr\/wp-json\/wp\/v2\/posts\/555879","targetHints":{"allow":["GET"]}}],"collection":[{"href":"https:\/\/www.europesays.com\/fr\/wp-json\/wp\/v2\/posts"}],"about":[{"href":"https:\/\/www.europesays.com\/fr\/wp-json\/wp\/v2\/types\/post"}],"author":[{"embeddable":true,"href":"https:\/\/www.europesays.com\/fr\/wp-json\/wp\/v2\/users\/2"}],"replies":[{"embeddable":true,"href":"https:\/\/www.europesays.com\/fr\/wp-json\/wp\/v2\/comments?post=555879"}],"version-history":[{"count":0,"href":"https:\/\/www.europesays.com\/fr\/wp-json\/wp\/v2\/posts\/555879\/revisions"}],"wp:featuredmedia":[{"embeddable":true,"href":"https:\/\/www.europesays.com\/fr\/wp-json\/wp\/v2\/media\/555880"}],"wp:attachment":[{"href":"https:\/\/www.europesays.com\/fr\/wp-json\/wp\/v2\/media?parent=555879"}],"wp:term":[{"taxonomy":"category","embeddable":true,"href":"https:\/\/www.europesays.com\/fr\/wp-json\/wp\/v2\/categories?post=555879"},{"taxonomy":"post_tag","embeddable":true,"href":"https:\/\/www.europesays.com\/fr\/wp-json\/wp\/v2\/tags?post=555879"}],"curies":[{"name":"wp","href":"https:\/\/api.w.org\/{rel}","templated":true}]}}