{"id":555881,"date":"2025-11-24T17:59:15","date_gmt":"2025-11-24T17:59:15","guid":{"rendered":"https:\/\/www.europesays.com\/fr\/555881\/"},"modified":"2025-11-24T17:59:15","modified_gmt":"2025-11-24T17:59:15","slug":"bordeaux-en-fete-decouvrez-le-programme-complet","status":"publish","type":"post","link":"https:\/\/www.europesays.com\/fr\/555881\/","title":{"rendered":"Bordeaux en f\u00eate : d\u00e9couvrez le programme complet"},"content":{"rendered":"<p>\tNo\u00ebl \u00e0 Bordeaux<\/p>\n<p>D\u00e8s la fin du mois de novembre et jusqu\u2019au 4 janvier, la Ville de Bordeaux vous invite \u00e0 vivre plus d\u2019un mois de festivit\u00e9s. Concerts, spectacles, march\u00e9s et animations jalonnent cette p\u00e9riode, offrant une programmation pens\u00e9e pour tous les \u00e2ges et toutes les envies.\u00a0<\/p>\n<p>Chaleureuse et familiale, cette saison rassemble aussi bien des rendez-vous culturels que commer\u00e7ants, sans oublier des moments de partage autour de la gastronomie, de l\u2019artisanat local et de la d\u00e9couverte du patrimoine.<\/p>\n<p>Les rues et places s\u2019illuminent de mille feux, cr\u00e9ant une atmosph\u00e8re f\u00e9\u00e9rique o\u00f9 chacun peut s\u2019\u00e9merveiller.\u00a0Ces\u00a0instants de c\u00e9l\u00e9bration s\u2019inscrivent\u00a0dans une d\u00e9marche responsable, favorisant une consommation vertueuse et respectueuse de l\u2019environnement. Autant d\u2019occasions de se retrouver, de fl\u00e2ner, de soutenir les acteurs locaux et de c\u00e9l\u00e9brer ensemble la magie des f\u00eates.<\/p>\n","protected":false},"excerpt":{"rendered":"No\u00ebl \u00e0 Bordeaux D\u00e8s la fin du mois de novembre et jusqu\u2019au 4 janvier, la Ville de Bordeaux&hellip;\n","protected":false},"author":2,"featured_media":555882,"comment_status":"","ping_status":"","sticky":false,"template":"","format":"standard","meta":{"footnotes":""},"categories":[2817],"tags":[1111,11,1997,1777,674,1011,27,12,2219,25],"class_list":{"0":"post-555881","1":"post","2":"type-post","3":"status-publish","4":"format-standard","5":"has-post-thumbnail","7":"category-bordeaux","8":"tag-actu","9":"tag-actualites","10":"tag-bordeaux","11":"tag-eu","12":"tag-europe","13":"tag-fr","14":"tag-france","15":"tag-news","16":"tag-nouvelle-aquitaine","17":"tag-republique-francaise"},"share_on_mastodon":{"url":"https:\/\/pubeurope.com\/@fr\/115605980248830238","error":""},"_links":{"self":[{"href":"https:\/\/www.europesays.com\/fr\/wp-json\/wp\/v2\/posts\/555881","targetHints":{"allow":["GET"]}}],"collection":[{"href":"https:\/\/www.europesays.com\/fr\/wp-json\/wp\/v2\/posts"}],"about":[{"href":"https:\/\/www.europesays.com\/fr\/wp-json\/wp\/v2\/types\/post"}],"author":[{"embeddable":true,"href":"https:\/\/www.europesays.com\/fr\/wp-json\/wp\/v2\/users\/2"}],"replies":[{"embeddable":true,"href":"https:\/\/www.europesays.com\/fr\/wp-json\/wp\/v2\/comments?post=555881"}],"version-history":[{"count":0,"href":"https:\/\/www.europesays.com\/fr\/wp-json\/wp\/v2\/posts\/555881\/revisions"}],"wp:featuredmedia":[{"embeddable":true,"href":"https:\/\/www.europesays.com\/fr\/wp-json\/wp\/v2\/media\/555882"}],"wp:attachment":[{"href":"https:\/\/www.europesays.com\/fr\/wp-json\/wp\/v2\/media?parent=555881"}],"wp:term":[{"taxonomy":"category","embeddable":true,"href":"https:\/\/www.europesays.com\/fr\/wp-json\/wp\/v2\/categories?post=555881"},{"taxonomy":"post_tag","embeddable":true,"href":"https:\/\/www.europesays.com\/fr\/wp-json\/wp\/v2\/tags?post=555881"}],"curies":[{"name":"wp","href":"https:\/\/api.w.org\/{rel}","templated":true}]}}