{"id":555887,"date":"2025-11-24T18:03:22","date_gmt":"2025-11-24T18:03:22","guid":{"rendered":"https:\/\/www.europesays.com\/fr\/555887\/"},"modified":"2025-11-24T18:03:22","modified_gmt":"2025-11-24T18:03:22","slug":"notre-but-est-de-les-rattacher-a-la-vie","status":"publish","type":"post","link":"https:\/\/www.europesays.com\/fr\/555887\/","title":{"rendered":"Notre but est de les rattacher \u00e0 la vie"},"content":{"rendered":"<p>                    Par<br \/>\n        <strong><br \/>\n            <a href=\"https:\/\/actu.fr\/auteur\/zoe-hondt\" title=\"Consulter tous les articles de Zoe Hondt\" target=\"_blank\" rel=\"noopener\">Zoe Hondt<\/a><br \/>\n                    <\/strong><\/p>\n<p>        Publi\u00e9 le<\/p>\n<p>            24 nov. 2025 \u00e0 18h23        <\/p>\n<p>Un v\u00e9ritable \u00ab\u00a0cocon\u00a0\u00bb. Musique douce, fauteuils matelass\u00e9s, peinture, livres et \u0153uvres d\u2019art. <b>L\u2019h\u00f4pital Saint Vincent de Paul<\/b> \u00e0 <a href=\"https:\/\/actu.fr\/lille\/\" target=\"_blank\" rel=\"noopener\">Lille<\/a> (Nord) et le m\u00e9decin <b>Marie Danel<\/b>, chef de l\u2019unit\u00e9 de <b>soins palliatifs<\/b>, ont inaugur\u00e9 ce lundi 24 novembre une <b>capsule d\u2019art-th\u00e9rapie<\/b>. Objectif : <b>allier l\u2019art et le soin<\/b> pour rendre le quotidien des patients, familles et soignants\u00a0plus \u00ab\u00a0supportable\u00a0\u00bb.<\/p>\n<p>Art-th\u00e9rapie \u00e0 Lille : \u00ab\u00a0\u00c7a me transporte de voir \u00e0 quel point \u00e7a fait du bien\u00a0\u00bb<\/p>\n<p class=\" wall-content\">Au quatri\u00e8me \u00e9tage de l\u2019h\u00f4pital Saint Vincent de Paul, l\u2019<b>art-th\u00e9rapeute<\/b> <b>Pauline Moron<\/b>, ouvre la porte de son nouveau bureau. Il s\u2019agit en r\u00e9alit\u00e9 d\u2019une <b>salle multisensorielle<\/b>, au sein de l\u2019unit\u00e9 de <b>soins palliatifs<\/b>. Elle encadre chaque lundi et mardi des <b>s\u00e9ances d\u2019art-th\u00e9rapie<\/b> pour les <b>patients en fin de vie<\/b> et leurs proches.\u00a0Le reste de la semaine, la capsule devient un <b>lieu de ressourcement pour l\u2019\u00e9quipe soignante<\/b> du service. Objectif : <b>soigner <\/b>et <b>soulager <\/b>gr\u00e2ce \u00e0 des<b> pratiques artistiques <\/b>m\u00ealant les <b>cinq sens<\/b>. Infirmi\u00e8re de formation, Pauline Moron s\u2019est tourn\u00e9e vers cette profession en y percevant \u00ab\u00a0beaucoup d\u2019espoir\u00a0\u00bb.<\/p>\n<p class=\" wall-content\">L\u2019h\u00f4pital doit ce dispositif \u00e0 <b>Monika Forro<\/b>, \u00e9galement art-th\u00e9rapeute. Elle a cr\u00e9\u00e9 en <b>2023<\/b>, la toute premi\u00e8re capsule d\u2019art-th\u00e9rapie au sein du service de soins palliatifs du <b>groupe hospitalier de Loos Haubourdin <\/b>(Nord). Une r\u00e9ponse \u00e0 de nombreux besoins : \u00ab\u00a0Beaucoup de patients en fin de vie, ou des proches, se sentent d\u00e9munis. Notre but est de les rattacher \u00e0 la vie. \u00c7a me transporte de voir \u00e0 quel point \u00e7a fait du bien.\u00a0\u00bb Aujourd\u2019hui <b>cheffe de projet<\/b>, Monika Forro souhaite \u00ab\u00a0encadrer et p\u00e9renniser le m\u00e9tier\u00a0\u00bb dans d\u2019autres h\u00f4pitaux.<\/p>\n<p>    <img   decoding=\"async\" loading=\"lazy\" class=\"size-large\" src=\"https:\/\/www.europesays.com\/fr\/wp-content\/uploads\/2025\/11\/d04e415184296554e41518429494e4v-960x640.jpg\" alt=\"Dans la capsule d'art-th\u00e9rapie de l'h\u00f4pital Saint Vincent de Paul \u00e0 Lille (Nord), tout est fait pour inciter \u00e0 la contemplation, la cr\u00e9ation et la d\u00e9tente.\" width=\"960\" height=\"640\"\/><br \/>\n    Dans la capsule d\u2019art-th\u00e9rapie de l\u2019h\u00f4pital Saint Vincent de Paul \u00e0 Lille (Nord), tout est fait pour inciter \u00e0 la contemplation, la cr\u00e9ation et la d\u00e9tente. \u00a9Zo\u00e9 Hondt\u00ab\u00a0C\u2019est un m\u00e9tier absolument sublime qui all\u00e8ge la souffrance\u00a0\u00bb<\/p>\n<p class=\" wall-content\">\u00ab\u00a0Les s\u00e9ances d\u2019art-th\u00e9rapie permettent d\u2019am\u00e9liorer la qualit\u00e9 de vie des patients. On agit sur le sommeil, la douleur, l\u2019anxi\u00e9t\u00e9 et la peur de la mort. Parfois, cela permet de renouer des liens avec les proches.\u00a0\u00bb explique Monika Forro. Le quotidien d\u2019art-th\u00e9rapeute n\u2019est pourtant <b>pas facile <\/b>: \u00ab\u00a0Notre m\u00e9tier n\u2019a pas pour but de divertir. On n\u2019accompagne pas uniquement les patients qui aiment l\u2019art.\u00a0\u00bb L\u2019art-th\u00e9rapeute fait en effet <b>partie int\u00e9grante du personnel hospitalier<\/b> et a acc\u00e8s aux dossiers m\u00e9dicaux. Comme les soignants, il est <b>confront\u00e9 \u00e0 la souffrance et \u00e0 la perte<\/b>.<\/p>\n<p class=\" wall-content\">Monika Forro trouve quand m\u00eame le <b>positif <\/b>: \u00ab\u00a0C\u2019est un m\u00e9tier absolument sublime qui all\u00e8ge la souffrance. L\u2019art-th\u00e9rapie permet aux patients de s\u2019exprimer lorsqu\u2019ils ne trouvent pas les mots pour dire que \u00e7a ne va pas. Finalement, peut-\u00eatre qu\u2019on appr\u00e9cie encore plus la vie.\u00a0\u00bb<\/p>\n<p>Votre r\u00e9gion, votre actu !<\/p>\n<p>Recevez chaque jour les infos qui comptent pour vous.<\/p>\n<p>\t<a href=\"https:\/\/actu.fr\/newsletter\" class=\"ac-btn ac-btn--corner ac-btn--medium ac-btn--blue800\" target=\"_blank\" rel=\"noopener\">S&rsquo;incrire<\/a><\/p>\n<p class=\" wall-content\">Gr\u00e2ce \u00e0 un impact \u00ab\u00a0bluffant\u00a0\u00bb, le projet s\u2019agrandit d\u00e9j\u00e0. Une troisi\u00e8me capsule d\u2019art-th\u00e9rapie est actuellement <b>en construction au CHU de Lille<\/b>. En <b>2026<\/b>, une quatri\u00e8me verra le jour \u00e0 <b>Lyon <\/b>(Rh\u00f4ne). \u00c0 terme, <b>Delphine Poch<\/b>, fondatrice du <b>Fonds de dotation Capsule d\u2019Art<\/b>, et Monika Forro esp\u00e8rent \u00e9tendre l\u2019art-th\u00e9rapie en France, avec la <b>cr\u00e9ation d\u2019une capsule chaque ann\u00e9e<\/b>.<\/p>\n<p class=\" wall-content\">Personnalisez votre actualit\u00e9 en ajoutant vos villes et m\u00e9dias en favori avec <a href=\"https:\/\/moncompte.actu.fr\" title=\"D\u00e9couvez Mon Actu\" rel=\"nofollow noopener\" data-trk=\"{&quot;cta&quot;:{&quot;action&quot;:&quot;https:\\\/\\\/moncompte.actu.fr&quot;,&quot;category&quot;:&quot;mon compte&quot;,&quot;from&quot;:&quot;article footer&quot;,&quot;name&quot;:&quot;Mon actu&quot;,&quot;type&quot;:&quot;cta&quot;}}\" target=\"_blank\">Mon Actu<\/a>.<\/p>\n","protected":false},"excerpt":{"rendered":"Par Zoe Hondt Publi\u00e9 le 24 nov. 2025 \u00e0 18h23 Un v\u00e9ritable \u00ab\u00a0cocon\u00a0\u00bb. Musique douce, fauteuils matelass\u00e9s, peinture,&hellip;\n","protected":false},"author":2,"featured_media":555888,"comment_status":"","ping_status":"","sticky":false,"template":"","format":"standard","meta":{"footnotes":""},"categories":[2815],"tags":[1111,11,1777,674,7977,1011,27,811,100,1307,12,25,71,104],"class_list":{"0":"post-555887","1":"post","2":"type-post","3":"status-publish","4":"format-standard","5":"has-post-thumbnail","7":"category-lille","8":"tag-actu","9":"tag-actualites","10":"tag-eu","11":"tag-europe","12":"tag-fin-de-vie","13":"tag-fr","14":"tag-france","15":"tag-hauts-de-france","16":"tag-hopital","17":"tag-lille","18":"tag-news","19":"tag-republique-francaise","20":"tag-sante","21":"tag-societe"},"share_on_mastodon":{"url":"https:\/\/pubeurope.com\/@fr\/115605996871788651","error":""},"_links":{"self":[{"href":"https:\/\/www.europesays.com\/fr\/wp-json\/wp\/v2\/posts\/555887","targetHints":{"allow":["GET"]}}],"collection":[{"href":"https:\/\/www.europesays.com\/fr\/wp-json\/wp\/v2\/posts"}],"about":[{"href":"https:\/\/www.europesays.com\/fr\/wp-json\/wp\/v2\/types\/post"}],"author":[{"embeddable":true,"href":"https:\/\/www.europesays.com\/fr\/wp-json\/wp\/v2\/users\/2"}],"replies":[{"embeddable":true,"href":"https:\/\/www.europesays.com\/fr\/wp-json\/wp\/v2\/comments?post=555887"}],"version-history":[{"count":0,"href":"https:\/\/www.europesays.com\/fr\/wp-json\/wp\/v2\/posts\/555887\/revisions"}],"wp:featuredmedia":[{"embeddable":true,"href":"https:\/\/www.europesays.com\/fr\/wp-json\/wp\/v2\/media\/555888"}],"wp:attachment":[{"href":"https:\/\/www.europesays.com\/fr\/wp-json\/wp\/v2\/media?parent=555887"}],"wp:term":[{"taxonomy":"category","embeddable":true,"href":"https:\/\/www.europesays.com\/fr\/wp-json\/wp\/v2\/categories?post=555887"},{"taxonomy":"post_tag","embeddable":true,"href":"https:\/\/www.europesays.com\/fr\/wp-json\/wp\/v2\/tags?post=555887"}],"curies":[{"name":"wp","href":"https:\/\/api.w.org\/{rel}","templated":true}]}}