{"id":555889,"date":"2025-11-24T18:04:16","date_gmt":"2025-11-24T18:04:16","guid":{"rendered":"https:\/\/www.europesays.com\/fr\/555889\/"},"modified":"2025-11-24T18:04:16","modified_gmt":"2025-11-24T18:04:16","slug":"la-ligne-1-du-metro-de-nouveau-touchee-par-une-panne-ce-lundi-soir","status":"publish","type":"post","link":"https:\/\/www.europesays.com\/fr\/555889\/","title":{"rendered":"la ligne 1 du m\u00e9tro de nouveau touch\u00e9e par une panne ce lundi soir"},"content":{"rendered":"<p>                    Par<br \/>\n        <strong><br \/>\n            <a href=\"https:\/\/actu.fr\/auteur\/raphael-mahlmann\" title=\"Consulter tous les articles de Rapha\u00ebl Mahlmann\" target=\"_blank\" rel=\"noopener\">Rapha\u00ebl Mahlmann<\/a><br \/>\n                    <\/strong><\/p>\n<p>        Publi\u00e9 le<\/p>\n<p>            24 nov. 2025 \u00e0 17h51<br \/>\n        ; mis \u00e0 jour le 24 nov. 2025 \u00e0 18h16    <\/p>\n<p>Le <b>m\u00e9tro<\/b> de <a href=\"https:\/\/actu.fr\/hauts-de-france\/lille_59350\" target=\"_blank\" rel=\"noopener\">Lille<\/a> (Nord) <a href=\"https:\/\/actu.fr\/tag\/ilevia\" target=\"_blank\" rel=\"noopener\">Il\u00e9via<\/a> a connu une nouvelle fois une <a href=\"https:\/\/actu.fr\/hauts-de-france\/lille_59350\/metro-de-lille-ilevia-nouvelle-interruption-sur-la-ligne-1-ce-samedi_63474727.html\" target=\"_blank\" rel=\"noopener\">panne <\/a>de son r\u00e9seau. La<b> ligne 1<\/b> a \u00e9t\u00e9 interrompue aux alentours 17h30 ce lundi 24 novembre 2025.\u00a0<\/p>\n<p>Reprise \u00e0 18h10\u00a0<\/p>\n<p class=\" wall-content\">Aux alentours de 17h30, l\u2019entreprise a ainsi annonc\u00e9 qu\u2019aucun m\u00e9tro ne circulait sur la ligne 1.\u00a0\u00ab\u00a0Ligne 1 du m\u00e9tro interrompue suite \u00e0 un d\u00e9faut sur une rame jusqu\u2019\u00e0 18h10 environ\u00a0\u00bb, annonce l\u2019entreprise sur X.\u00a0<\/p>\n<p class=\" wall-content\">\n<p class=\" wall-content\">Cette nouvelle perturbation de la ligne 1 a suscit\u00e9 de nombreuses r\u00e9actions n\u00e9gatives de la part des usagers \u00e0 l\u2019encontre d\u2019Il\u00e9via. Samedi dernier, <a href=\"https:\/\/actu.fr\/hauts-de-france\/lille_59350\/metro-de-lille-ilevia-nouvelle-interruption-sur-la-ligne-1-ce-samedi_63474727.html\" target=\"_blank\" rel=\"noopener\">une partie de la ligne 1 avait \u00e9t\u00e9 coup\u00e9e, en plein apr\u00e8s-midi<\/a>.\u00a0<\/p>\n<p class=\" wall-content\">Ces pannes \u00e0 r\u00e9p\u00e9tition sont d\u2019autant plus probl\u00e9matiques pour l\u2019entreprise qui avait annonc\u00e9 le renforcement des transports dans la m\u00e9tropole de Lille (Nord) \u00e0 partir du samedi 22 novembre 2025 pour les f\u00eates de fin d\u2019ann\u00e9e<\/p>\n<p class=\" wall-content\">Personnalisez votre actualit\u00e9 en ajoutant vos villes et m\u00e9dias en favori avec <a href=\"https:\/\/moncompte.actu.fr\" title=\"D\u00e9couvez Mon Actu\" rel=\"nofollow noopener\" data-trk=\"{&quot;cta&quot;:{&quot;action&quot;:&quot;https:\\\/\\\/moncompte.actu.fr&quot;,&quot;category&quot;:&quot;mon compte&quot;,&quot;from&quot;:&quot;article footer&quot;,&quot;name&quot;:&quot;Mon actu&quot;,&quot;type&quot;:&quot;cta&quot;}}\" target=\"_blank\">Mon Actu<\/a>.<\/p>\n","protected":false},"excerpt":{"rendered":"Par Rapha\u00ebl Mahlmann Publi\u00e9 le 24 nov. 2025 \u00e0 17h51 ; mis \u00e0 jour le 24 nov. 2025&hellip;\n","protected":false},"author":2,"featured_media":555890,"comment_status":"","ping_status":"","sticky":false,"template":"","format":"standard","meta":{"footnotes":""},"categories":[2815],"tags":[1111,11,1777,674,1011,27,811,4288,1307,4047,12,25,104],"class_list":{"0":"post-555889","1":"post","2":"type-post","3":"status-publish","4":"format-standard","5":"has-post-thumbnail","7":"category-lille","8":"tag-actu","9":"tag-actualites","10":"tag-eu","11":"tag-europe","12":"tag-fr","13":"tag-france","14":"tag-hauts-de-france","15":"tag-ilevia","16":"tag-lille","17":"tag-metro","18":"tag-news","19":"tag-republique-francaise","20":"tag-societe"},"share_on_mastodon":{"url":"https:\/\/pubeurope.com\/@fr\/115605999770012178","error":""},"_links":{"self":[{"href":"https:\/\/www.europesays.com\/fr\/wp-json\/wp\/v2\/posts\/555889","targetHints":{"allow":["GET"]}}],"collection":[{"href":"https:\/\/www.europesays.com\/fr\/wp-json\/wp\/v2\/posts"}],"about":[{"href":"https:\/\/www.europesays.com\/fr\/wp-json\/wp\/v2\/types\/post"}],"author":[{"embeddable":true,"href":"https:\/\/www.europesays.com\/fr\/wp-json\/wp\/v2\/users\/2"}],"replies":[{"embeddable":true,"href":"https:\/\/www.europesays.com\/fr\/wp-json\/wp\/v2\/comments?post=555889"}],"version-history":[{"count":0,"href":"https:\/\/www.europesays.com\/fr\/wp-json\/wp\/v2\/posts\/555889\/revisions"}],"wp:featuredmedia":[{"embeddable":true,"href":"https:\/\/www.europesays.com\/fr\/wp-json\/wp\/v2\/media\/555890"}],"wp:attachment":[{"href":"https:\/\/www.europesays.com\/fr\/wp-json\/wp\/v2\/media?parent=555889"}],"wp:term":[{"taxonomy":"category","embeddable":true,"href":"https:\/\/www.europesays.com\/fr\/wp-json\/wp\/v2\/categories?post=555889"},{"taxonomy":"post_tag","embeddable":true,"href":"https:\/\/www.europesays.com\/fr\/wp-json\/wp\/v2\/tags?post=555889"}],"curies":[{"name":"wp","href":"https:\/\/api.w.org\/{rel}","templated":true}]}}