{"id":555897,"date":"2025-11-24T18:08:14","date_gmt":"2025-11-24T18:08:14","guid":{"rendered":"https:\/\/www.europesays.com\/fr\/555897\/"},"modified":"2025-11-24T18:08:14","modified_gmt":"2025-11-24T18:08:14","slug":"ca-menerve-de-passer-derriere-des-touristes-faut-il-creer-un-pass-prioritaire-pour-les-riverains","status":"publish","type":"post","link":"https:\/\/www.europesays.com\/fr\/555897\/","title":{"rendered":"\u00ab\u00a0\u00c7a m\u2019\u00e9nerve de passer derri\u00e8re des touristes\u00a0\u00bb, faut-il cr\u00e9er un \u201cpass prioritaire\u201d pour les riverains\u00a0?"},"content":{"rendered":"<p>\u00ab\u00a0Le funiculaire est notre seul moyen de transport collectif. Il n\u2019y a pas de bus permettant d\u2019acc\u00e9der \u00e0 la colline. Ce n\u2019est quand m\u00eame pas normal de se battre pour rentrer chez soi apr\u00e8s une journ\u00e9e de travail.\u00a0\u00bb Ces derni\u00e8res ann\u00e9es, le train-train quotidien d\u2019Audrey a tendance \u00e0 d\u00e9railler. En cause, selon cette th\u00e9rapeute de 42 ans\u00a0: la file d\u2019attente &#8211; \u00ab\u00a0parfois interminable\u00a0\u00bb &#8211; devant la rame TCL reliant le quartier du Vieux-Lyon \u00e0 Fourvi\u00e8re, o\u00f9 elle habite depuis pr\u00e8s de 20 ans.<\/p>\n<p>La riveraine le d\u00e9plore, malgr\u00e9 une \u00ab\u00a0surfr\u00e9quentation du funiculaire\u00a0\u00bb, li\u00e9e au nombre de touristes qui l\u2019empruntent, il n\u2019existe pas d\u2019acc\u00e8s prioritaire pour les habitants. Autrement dit, \u00ab\u00a0on fait la queue comme tout le monde. Sauf que, pour nous, ce n\u2019est pas une attraction, mais un moyen de transport. Et surtout, on paye&#8230;<\/p>\n","protected":false},"excerpt":{"rendered":"\u00ab\u00a0Le funiculaire est notre seul moyen de transport collectif. Il n\u2019y a pas de bus permettant d\u2019acc\u00e9der \u00e0&hellip;\n","protected":false},"author":2,"featured_media":555898,"comment_status":"","ping_status":"","sticky":false,"template":"","format":"standard","meta":{"footnotes":""},"categories":[1889],"tags":[1111,11,2430,3542,33,2757,1777,674,107,1011,27,2428,2756,12,25,2429,104,10213,602,2803],"class_list":{"0":"post-555897","1":"post","2":"type-post","3":"status-publish","4":"format-standard","5":"has-post-thumbnail","7":"category-lyon","8":"tag-actu","9":"tag-actualites","10":"tag-auvergne-rhone-alpes","11":"tag-circulation","12":"tag-economie","13":"tag-edition-lyon-villeurbanne","14":"tag-eu","15":"tag-europe","16":"tag-fil-info","17":"tag-fr","18":"tag-france","19":"tag-lyon","20":"tag-lyon-bassin","21":"tag-news","22":"tag-republique-francaise","23":"tag-rhone","24":"tag-societe","25":"tag-tcl","26":"tag-tourisme","27":"tag-transport"},"share_on_mastodon":{"url":"https:\/\/pubeurope.com\/@fr\/115606015433509577","error":""},"_links":{"self":[{"href":"https:\/\/www.europesays.com\/fr\/wp-json\/wp\/v2\/posts\/555897","targetHints":{"allow":["GET"]}}],"collection":[{"href":"https:\/\/www.europesays.com\/fr\/wp-json\/wp\/v2\/posts"}],"about":[{"href":"https:\/\/www.europesays.com\/fr\/wp-json\/wp\/v2\/types\/post"}],"author":[{"embeddable":true,"href":"https:\/\/www.europesays.com\/fr\/wp-json\/wp\/v2\/users\/2"}],"replies":[{"embeddable":true,"href":"https:\/\/www.europesays.com\/fr\/wp-json\/wp\/v2\/comments?post=555897"}],"version-history":[{"count":0,"href":"https:\/\/www.europesays.com\/fr\/wp-json\/wp\/v2\/posts\/555897\/revisions"}],"wp:featuredmedia":[{"embeddable":true,"href":"https:\/\/www.europesays.com\/fr\/wp-json\/wp\/v2\/media\/555898"}],"wp:attachment":[{"href":"https:\/\/www.europesays.com\/fr\/wp-json\/wp\/v2\/media?parent=555897"}],"wp:term":[{"taxonomy":"category","embeddable":true,"href":"https:\/\/www.europesays.com\/fr\/wp-json\/wp\/v2\/categories?post=555897"},{"taxonomy":"post_tag","embeddable":true,"href":"https:\/\/www.europesays.com\/fr\/wp-json\/wp\/v2\/tags?post=555897"}],"curies":[{"name":"wp","href":"https:\/\/api.w.org\/{rel}","templated":true}]}}