{"id":555901,"date":"2025-11-24T18:11:13","date_gmt":"2025-11-24T18:11:13","guid":{"rendered":"https:\/\/www.europesays.com\/fr\/555901\/"},"modified":"2025-11-24T18:11:13","modified_gmt":"2025-11-24T18:11:13","slug":"la-bourse-de-paris-termine-en-leger-recul-actualites","status":"publish","type":"post","link":"https:\/\/www.europesays.com\/fr\/555901\/","title":{"rendered":"La Bourse de Paris termine en l\u00e9ger recul : Actualit\u00e9s"},"content":{"rendered":"<p class=\"lead \">La Bourse de Paris a fini en l\u00e9g\u00e8re baisse lundi, faute de catalyseur, attentiste avant la publication d&rsquo;une s\u00e9rie d&rsquo;indicateurs \u00e9conomiques aux Etats-Unis et en Europe dans la semaine.<\/p>\n<p class=\"lead \">Le CAC 40 a c\u00e9d\u00e9 0,29%, \u00e0 7.959,67 points, en recul de 22,98 points. <\/p>\n<p class=\"lead \">La semaine derni\u00e8re, le CAC 40 a subi un net repli (-2,29%), chahut\u00e9 par les craintes d&rsquo;une bulle financi\u00e8re autour de l&rsquo;intelligence artificielle (IA) apr\u00e8s la publication des r\u00e9sultats de Nvidia, champion du secteur et premi\u00e8re capitalisation boursi\u00e8re mondiale.<\/p>\n<p class=\"lead \">Apr\u00e8s une s\u00e9ance pass\u00e9e dans le vert, l&rsquo;ambiance s&rsquo;est finalement assombrie en Europe, les investisseurs pr\u00e9f\u00e9rant rester attentistes avant la publication de plusieurs donn\u00e9es, dont les premi\u00e8res estimations d&rsquo;inflation en Allemagne, en France et en Italie pour novembre.<\/p>\n<p class=\"lead \">On observe un \u00ab\u00a0instant de respiration sur les march\u00e9s, avant de reprendre un peu de risque\u00a0\u00bb, explique \u00e0 l&rsquo;AFP Pierre-Alexis Dumont, directeur des investissements chez Sycomore.<\/p>\n<p class=\"lead \">Les investisseurs parisiens n&rsquo;ont pas profit\u00e9 de la bonne humeur qui s&rsquo;est empar\u00e9e de Wall Street, o\u00f9 les principaux indices enregistrent de nettes hausses, en raison d&rsquo;espoirs raviv\u00e9s d&rsquo;une baisse des taux de la R\u00e9serve f\u00e9d\u00e9rale am\u00e9ricaine (Fed).<\/p>\n<p class=\"lead \">Lundi, un gouverneur de l&rsquo;institution, Christopher Waller, s&rsquo;est ainsi dit en faveur d&rsquo;une baisse des taux avant la fin de l&rsquo;ann\u00e9e, exprimant des inqui\u00e9tudes quant \u00e0 un march\u00e9 du travail \u00ab\u00a0toujours fragile\u00a0\u00bb.<\/p>\n<p class=\"lead \">Cela fait suite aux propos du pr\u00e9sident de la Fed de New York, John Williams, qui avait d\u00e9clar\u00e9 vendredi \u00ab\u00a0continue(r) de voir de la marge pour un nouvel ajustement \u00e0 court terme\u00a0\u00bb des taux directeurs am\u00e9ricains.<\/p>\n<p class=\"lead \">Les march\u00e9s ont \u00e9t\u00e9 agr\u00e9ablement surpris par ces propos, alors que de plus en plus d&rsquo;analystes tablaient sur une pause dans l&rsquo;assouplissement mon\u00e9taire de la Fed lors de sa prochaine r\u00e9union en d\u00e9cembre.<\/p>\n<p class=\"lead \">Les investisseurs seront attentifs cette semaine \u00e0 la publication aux Etats-Unis des \u00ab\u00a0ventes au d\u00e9tail de septembre et des prix \u00e0 la production (PPI), suivis mercredi des chiffres des demandes d&rsquo;allocations ch\u00f4mage\u00a0\u00bb, r\u00e9sume Jim Reid, de la Deutsche Bank. <\/p>\n<p class=\"lead \">C\u00f4t\u00e9 obligataire, le rendement de l&#8217;emprunt \u00e0 dix ans fran\u00e7ais a atteint 3,44%, contre 3,47% la veille en cl\u00f4ture. Son \u00e9quivalent allemand, r\u00e9f\u00e9rence en Europe a termin\u00e9 la s\u00e9ance \u00e0 2,69%.<\/p>\n<p class=\"lead \">La d\u00e9fense en baisse<\/p>\n<p class=\"lead \">Les Etats-Unis et l&rsquo;Ukraine ont affirm\u00e9 dans la nuit de dimanche \u00e0 lundi qu&rsquo;un \u00ab\u00a0futur accord\u00a0\u00bb de paix pour mettre fin au conflit avec la Russie \u00ab\u00a0devra pleinement respecter la souverainet\u00e9\u00a0\u00bb de Kiev, \u00e0 l&rsquo;issue de pourparlers \u00ab\u00a0constructifs\u00a0\u00bb \u00e0 Gen\u00e8ve entre Am\u00e9ricains, Ukrainiens et Europ\u00e9ens.<\/p>\n<p class=\"lead \">A la cote parisienne, Thales a c\u00e9d\u00e9 1,50%, Safran 2,38% et Dassault Aviation 0,60%.<\/p>\n<p class=\"lead \">Kretinsky au chevet de Casino<\/p>\n<p class=\"lead \">Le groupe Casino (+5,45% \u00e0 27 centimes) a annonc\u00e9 lundi r\u00e9unir ses cr\u00e9anciers pour entamer des n\u00e9gociations sur une nouvelle restructuration de sa dette, la deuxi\u00e8me en moins de trois ans, son actionnaire principal, Daniel Kretinsky, se disant pr\u00eat \u00e0 apporter 300 millions d&rsquo;euros.<\/p>\n<p class=\"lead \">Le distributeur (Monoprix, Franprix, CDiscount&#8230;), pass\u00e9 sous le contr\u00f4le du milliardaire tch\u00e8que en 2024 apr\u00e8s des ann\u00e9es de pertes et de surendettement, doit rembourser 1,4 milliard d&rsquo;euros en mars 2027, un montant qu&rsquo;il souhaite ramener \u00e0 800 millions d&rsquo;euros, a-t-il indiqu\u00e9 lundi dans un communiqu\u00e9.<\/p>\n<p class=\"small font-weight-bold text-gray3 \"> publi\u00e9 le 24 novembre \u00e0 18h26, AFP<\/p>\n<p>                             Partager<\/p>\n","protected":false},"excerpt":{"rendered":"La Bourse de Paris a fini en l\u00e9g\u00e8re baisse lundi, faute de catalyseur, attentiste avant la publication d&rsquo;une&hellip;\n","protected":false},"author":2,"featured_media":555902,"comment_status":"","ping_status":"","sticky":false,"template":"","format":"standard","meta":{"footnotes":""},"categories":[1888],"tags":[1111,1928,11,1927,340,1777,674,1011,27,6205,12,1926,626,1925,25],"class_list":{"0":"post-555901","1":"post","2":"type-post","3":"status-publish","4":"format-standard","5":"has-post-thumbnail","7":"category-paris","8":"tag-actu","9":"tag-actu-paris","10":"tag-actualites","11":"tag-actualites-paris","12":"tag-bourse","13":"tag-eu","14":"tag-europe","15":"tag-fr","16":"tag-france","17":"tag-marchs","18":"tag-news","19":"tag-news-paris","20":"tag-paris","21":"tag-paris-news","22":"tag-republique-francaise"},"share_on_mastodon":{"url":"https:\/\/pubeurope.com\/@fr\/115606027408091639","error":""},"_links":{"self":[{"href":"https:\/\/www.europesays.com\/fr\/wp-json\/wp\/v2\/posts\/555901","targetHints":{"allow":["GET"]}}],"collection":[{"href":"https:\/\/www.europesays.com\/fr\/wp-json\/wp\/v2\/posts"}],"about":[{"href":"https:\/\/www.europesays.com\/fr\/wp-json\/wp\/v2\/types\/post"}],"author":[{"embeddable":true,"href":"https:\/\/www.europesays.com\/fr\/wp-json\/wp\/v2\/users\/2"}],"replies":[{"embeddable":true,"href":"https:\/\/www.europesays.com\/fr\/wp-json\/wp\/v2\/comments?post=555901"}],"version-history":[{"count":0,"href":"https:\/\/www.europesays.com\/fr\/wp-json\/wp\/v2\/posts\/555901\/revisions"}],"wp:featuredmedia":[{"embeddable":true,"href":"https:\/\/www.europesays.com\/fr\/wp-json\/wp\/v2\/media\/555902"}],"wp:attachment":[{"href":"https:\/\/www.europesays.com\/fr\/wp-json\/wp\/v2\/media?parent=555901"}],"wp:term":[{"taxonomy":"category","embeddable":true,"href":"https:\/\/www.europesays.com\/fr\/wp-json\/wp\/v2\/categories?post=555901"},{"taxonomy":"post_tag","embeddable":true,"href":"https:\/\/www.europesays.com\/fr\/wp-json\/wp\/v2\/tags?post=555901"}],"curies":[{"name":"wp","href":"https:\/\/api.w.org\/{rel}","templated":true}]}}