{"id":555914,"date":"2025-11-24T18:18:21","date_gmt":"2025-11-24T18:18:21","guid":{"rendered":"https:\/\/www.europesays.com\/fr\/555914\/"},"modified":"2025-11-24T18:18:21","modified_gmt":"2025-11-24T18:18:21","slug":"pourquoi-les-entreprises-britanniques-font-marche-arriere-sur-la-diversite-et-linclusion","status":"publish","type":"post","link":"https:\/\/www.europesays.com\/fr\/555914\/","title":{"rendered":"Pourquoi les entreprises britanniques font marche arri\u00e8re sur la diversit\u00e9 et l\u2019inclusion"},"content":{"rendered":"<p>Les entreprises du Vieux Continent vont-elles renoncer \u00e0 leurs politiques de diversit\u00e9\u00a0? C&rsquo;est en tout cas\u00a0ce qui semble se passer au <a class=\"Link\" href=\"https:\/\/www.lepoint.fr\/tags\/royaume-uni\" data-gtm=\"click:capsule\" data-capsule=\"Lien\" target=\"_blank\" rel=\"noopener\">Royaume-Uni<\/a>, les attaques de l&rsquo;administration Trump sur les politiques DEI (pour Diversit\u00e9, \u00c9quit\u00e9 et Inclusion) semblant infuser dans le reste du monde anglo-saxon.<\/p>\n<p>Le constat est pos\u00e9 par\u00a0le <a class=\"Link\" href=\"https:\/\/www.theguardian.com\/world\/2025\/oct\/30\/more-than-half-of-uk-businesses-changing-strategy-on-ethical-policies-research-finds\" target=\"_blank\" title=\"\" data-gtm=\"click:capsule\" data-capsule=\"Lien\" rel=\"noopener\">Guardian<\/a>, qui relaye une r\u00e9cente \u00e9tude du cabinet d&rsquo;avocats Freeths. Celle-ci met en lumi\u00e8re un chiffre \u00e0 rebours des efforts en mati\u00e8re d&rsquo;inclusivit\u00e9 r\u00e9alis\u00e9s ces derni\u00e8res ann\u00e9es\u00a0: plus de la moiti\u00e9 des entreprises britanniques seraient en train de r\u00e9viser leurs politiques DEI, jug\u00e9es trop \u00ab\u00a0<a class=\"Link\" href=\"https:\/\/www.lepoint.fr\/tags\/wokisme\" target=\"_blank\" title=\"\" data-gtm=\"click:capsule\" data-capsule=\"Lien\" rel=\"noopener\">wokes<\/a>\u00a0\u00bb outre-Atlantique. Dans le d\u00e9tail, des entretiens men\u00e9s aupr\u00e8s de quelque\u00a0250\u00a0responsables juridiques d&rsquo;entreprises britanniques de premier plan soulignent la modification, voire l&rsquo;abandon pur et simple de ces mesures.<\/p>\n<p>\u00c0 LIRE AUSSI <strong class=\"strong\"><a href=\"https:\/\/www.lepoint.fr\/debats\/liberte-d-expression-et-censure-la-nouvelle-offensive-politique-aux-etats-unis-30-09-2025-2599869_2.php\" title=\"Libert\u00e9 d&#039;expression\u00a0: la nouvelle offensive de la droite trumpiste\" style=\"text-decoration: none; color: inherit;\" data-gtm=\"click:capsule\" data-capsule=\"\u00c0 lire aussi\" target=\"_blank\" rel=\"noopener\">Libert\u00e9 d&rsquo;expression\u00a0: la nouvelle offensive de la droite trumpiste<\/a><\/strong>En effet, note le quotidien britannique, parmi les entreprises r\u00e9alisant un chiffre d&rsquo;affaires sup\u00e9rieur \u00e0 100\u00a0millions de livres sterling, 28\u00a0% interrog\u00e9es par le cabinet d&rsquo;avocats d\u00e9clarent avoir apport\u00e9 des changements majeurs aux initiatives touchant \u00e0 la DEI et \u00e0 la durabilit\u00e9 environnementale, voire y avoir tout simplement renonc\u00e9. 26\u00a0% d&rsquo;entre elles affirment aussi que les critiques am\u00e9ricaines du \u00ab\u00a0<a class=\"Link\" href=\"https:\/\/www.lepoint.fr\/tags\/wokisme\" data-gtm=\"click:capsule\" data-capsule=\"Lien\" target=\"_blank\" rel=\"noopener\">wokisme<\/a>\u00a0\u00bb ont provoqu\u00e9 des changements \u00e0 ces politiques. 32\u00a0% se contentent de noter que cela avait suscit\u00e9 des discussions sur des changements potentiels.<\/p>\n<p>\u00ab\u00a0Pression ext\u00e9rieure\u00a0\u00bb<\/p>\n<p>Le Guardian en veut pour exemple la r\u00e9cente initiative de British Telecom, l&rsquo;op\u00e9rateur britannique de t\u00e9l\u00e9communications, qui a supprim\u00e9 toutes les initiatives DEI de son syst\u00e8me de primes pour ses cadres interm\u00e9diaires, tout en s&rsquo;affirmant toujours tr\u00e8s \u00ab\u00a0attach\u00e9\u00a0\u00bb aux principes de diversit\u00e9\u2026<\/p>\n<p>\n\u00c0 D\u00e9couvrir<br \/>\n<strong class=\"discover-kangourou__line\"><br \/>\n<img decoding=\"async\" class=\"discover-kangourou__img\" src=\"https:\/\/static.lpnt.fr\/static\/img\/kangourou\/kangourou_filled.svg\"\/><br \/>\n<strong class=\"discover-kangourou__txt\"><br \/>\n<strong>Le Kangourou du jour<\/strong><br \/>\n<a href=\"https:\/\/kangourou.lepoint.fr\" title=\"kangourou\" data-gtm-cta=\"kangourou_article\" class=\"discover-kangourou__lnk\" target=\"_blank\" rel=\"noopener\"><br \/>\nR\u00e9pondre<br \/>\n<\/a><br \/>\n<\/strong><br \/>\n<\/strong><br \/>\nQui plus est, 22\u00a0% des entreprises interrog\u00e9es pensent que les motivations de profit entrent \u00ab\u00a0tr\u00e8s r\u00e9guli\u00e8rement\u00a0\u00bb en conflit avec des pr\u00e9occupations \u00e9thiques et morales. 32\u00a0% pensent que cela arrive \u00ab\u00a0r\u00e9guli\u00e8rement\u00a0\u00bb, et 37\u00a0% \u00ab\u00a0parfois\u00a0\u00bb. Aupr\u00e8s du quotidien britannique, Philippa Dempster, associ\u00e9e principale du cabinet Freeths, souligne ainsi que \u00ab\u00a0la v\u00e9rit\u00e9 est que la recherche du profit peut avoir un impact consid\u00e9rable, voire entraver\u00a0la prise de d\u00e9cisions \u00e9thiques. Nos recherches r\u00e9v\u00e8lent une r\u00e9alit\u00e9 inqui\u00e9tante\u00a0: si les entreprises affichent leur volont\u00e9 d&rsquo;agir de mani\u00e8re responsable, un foss\u00e9 important persiste entre les principes et la pratique [\u2026]. Nous constatons que certaines entreprises britanniques abandonnent des initiatives \u00e9thiques et morales pourtant essentielles sous la pression ext\u00e9rieure.\u00a0\u00bb<\/p>\n<p>Rien d&rsquo;\u00e9tonnant, quand on sait que le parti Reform UK de <a class=\"Link\" href=\"https:\/\/www.lepoint.fr\/monde\/qui-est-nigel-farage-le-trump-britannique-dont-le-nom-circule-pour-le-poste-de-premier-ministre-04-10-2025-2600226_24.php\" title=\"\" data-gtm=\"click:capsule\" data-capsule=\"Lien\" target=\"_blank\" rel=\"noopener\">Nigel Farage<\/a> a r\u00e9cemment promis de supprimer les initiatives DEI des conseils qu&rsquo;il contr\u00f4le au Royaume-Uni. Le pays peut, pour l&rsquo;heure, encore compter sur son \u00ab\u00a0Equality Act\u00a0\u00bb, loi contre les discriminations entr\u00e9e en vigueur en 2010, qui limite encore les cons\u00e9quences d&rsquo;un tel retour en arri\u00e8re. Et, peut-\u00eatre, sur un projet de loi \u00ab\u00a0\u00c9galit\u00e9\u00a0\u00bb, qui contraindrait les entreprises comptant plus de\u00a0250\u00a0salari\u00e9s \u00e0 \u00e9liminer les \u00e9carts de r\u00e9mun\u00e9ration li\u00e9s \u00e0 l&rsquo;origine ethnique et au handicap. Outre-Atlantique, plusieurs entreprises dont Google, Amazon, Meta ou encore Disney ont, quant \u00e0 elles, d&rsquo;ores et d\u00e9j\u00e0 abandonn\u00e9 leurs politiques en mati\u00e8re de diversit\u00e9 et d&rsquo;inclusion, sous la pression de l&rsquo;administration Trump.<\/p>\n<p>Toute l\u2019actualit\u00e9 \u00e0 1\u20ac le premier mois<\/p>\n<p><a href=\"https:\/\/abo.lepoint.fr\/?provenance=21EDI020098\" class=\"btn\" title=\"S&#039;abonner\" data-gtm=\"click:abo|display:abo\" data-campaign=\"paywall_maison\" target=\"_blank\" rel=\"noopener\">S&rsquo;abonner<\/a><\/p>\n<p>ou<\/p>\n","protected":false},"excerpt":{"rendered":"Les entreprises du Vieux Continent vont-elles renoncer \u00e0 leurs politiques de diversit\u00e9\u00a0? C&rsquo;est en tout cas\u00a0ce qui semble&hellip;\n","protected":false},"author":2,"featured_media":555915,"comment_status":"","ping_status":"","sticky":false,"template":"","format":"standard","meta":{"footnotes":""},"categories":[1588],"tags":[11,1777,674,12,473,1853,1851,1850,1852,4477],"class_list":{"0":"post-555914","1":"post","2":"type-post","3":"status-publish","4":"format-standard","5":"has-post-thumbnail","7":"category-royaume-uni","8":"tag-actualites","9":"tag-eu","10":"tag-europe","11":"tag-news","12":"tag-royaume-uni","13":"tag-royaume-uni-de-grande-bretagne-et-dirlande-du-nord","14":"tag-uk","15":"tag-united-kingdom","16":"tag-united-kingdom-of-great-britain-and-northern-ireland","17":"tag-wokisme"},"share_on_mastodon":{"url":"","error":""},"_links":{"self":[{"href":"https:\/\/www.europesays.com\/fr\/wp-json\/wp\/v2\/posts\/555914","targetHints":{"allow":["GET"]}}],"collection":[{"href":"https:\/\/www.europesays.com\/fr\/wp-json\/wp\/v2\/posts"}],"about":[{"href":"https:\/\/www.europesays.com\/fr\/wp-json\/wp\/v2\/types\/post"}],"author":[{"embeddable":true,"href":"https:\/\/www.europesays.com\/fr\/wp-json\/wp\/v2\/users\/2"}],"replies":[{"embeddable":true,"href":"https:\/\/www.europesays.com\/fr\/wp-json\/wp\/v2\/comments?post=555914"}],"version-history":[{"count":0,"href":"https:\/\/www.europesays.com\/fr\/wp-json\/wp\/v2\/posts\/555914\/revisions"}],"wp:featuredmedia":[{"embeddable":true,"href":"https:\/\/www.europesays.com\/fr\/wp-json\/wp\/v2\/media\/555915"}],"wp:attachment":[{"href":"https:\/\/www.europesays.com\/fr\/wp-json\/wp\/v2\/media?parent=555914"}],"wp:term":[{"taxonomy":"category","embeddable":true,"href":"https:\/\/www.europesays.com\/fr\/wp-json\/wp\/v2\/categories?post=555914"},{"taxonomy":"post_tag","embeddable":true,"href":"https:\/\/www.europesays.com\/fr\/wp-json\/wp\/v2\/tags?post=555914"}],"curies":[{"name":"wp","href":"https:\/\/api.w.org\/{rel}","templated":true}]}}