{"id":555916,"date":"2025-11-24T18:19:18","date_gmt":"2025-11-24T18:19:18","guid":{"rendered":"https:\/\/www.europesays.com\/fr\/555916\/"},"modified":"2025-11-24T18:19:18","modified_gmt":"2025-11-24T18:19:18","slug":"lallemagne-re-autorise-les-exportations-darmes-vers-israel","status":"publish","type":"post","link":"https:\/\/www.europesays.com\/fr\/555916\/","title":{"rendered":"L\u2019Allemagne r\u00e9-autorise les exportations d\u2019armes vers Isra\u00ebl"},"content":{"rendered":"<dl class=\"post-meta-box flex flex-wrap items-top border-grey-lighter border-b post-meta relative z-20\">&#13;<br \/>\n                                    &#13;<br \/>\n                                    &#13;<br \/>\n                                    &#13;<\/p>\n<dt class=\"inline-block py-1 leading-5 w-1\/5 sm:1\/6 xl:w-3\/10 flex items-top font-sans text-3xs text-grey tracking-wider uppercase border-grey-lighter border-t\">&#13;<br \/>\n                                      Date                                    <\/dt>\n<p>&#13;<\/p>\n<dd class=\"inline-block w-4\/5 sm:5\/6 xl:w-7\/10 pl-1u lg:pl-0 flex-grow  py-1 font-sans text-xs leading-5 border-grey-lighter border-t\">&#13;<br \/>\n                                      24 novembre 2025&#13;\n                                    <\/dd>\n<p>&#13;\n                                  <\/dl>\n<p>                                        &#13;<br \/>\n        &#13;<br \/>\n            &#13;<br \/>\n        &#13;<br \/>\n        &#13;<br \/>\n            &#13;<br \/>\n            &#13;<br \/>\n        &#13;<br \/>\n        Ajouter&#13;<br \/>\n        Article ajout\u00e9&#13;<\/p>\n<p>    &#13;<br \/>\n        T\u00e9l\u00e9charger le PDF&#13;<br \/>\n        &#13;<br \/>\n            &#13;<br \/>\n            &#13;<br \/>\n            &#13;<br \/>\n        &#13;<br \/>\n&#13;<br \/>\n&#13;<\/p>\n<dl class=\"post-meta-box flex flex-wrap items-top border-grey-lighter border-b post-meta relative z-20 mt-4\">&#13;<\/p>\n<dt class=\"partager inline-block py-1 leading-5 w-1\/5 sm:1\/6 xl:w-3\/10 flex items-top font-sans text-3xs text-grey tracking-wider uppercase border-grey-lighter border-t\">&#13;<br \/>\n                                      Partager                                    <\/dt>\n<p>&#13;<\/p>\n<dd class=\"partager inline-block w-4\/5 sm:5\/6 xl:w-7\/10 pl-1u lg:pl-0 flex-grow  py-1 font-sans text-xs leading-5 border-grey-lighter border-t\">&#13;<br \/>\n                                      <a target=\"_blank\" data-social=\"twitter\" class=\"text-red no-underline inline-block w-4 h-4 mr-2\" href=\"https:\/\/twitter.com\/intent\/tweet\/?text=L%E2%80%99Allemagne+est+le+premier+pays+%C3%A0+r%C3%A9-autoriser+les+exportations+d%E2%80%99armes+vers+Isra%C3%ABl%2C+apr%C3%A8s+leur+suspension+en+ao%C3%BBt&amp;url=https%3A%2F%2Flegrandcontinent.eu%2Ffr%2F2025%2F11%2F24%2Flallemagne-est-le-premier-pays-a-re-autoriser-les-exportations-darmes-vers-israel-apres-leur-suspension-en-aout%2F\" rel=\"noopener\">&#13;<br \/>\n                                          &#13;<br \/>\n                                        <\/a>&#13;<br \/>\n                                      <a target=\"_blank\" data-social=\"facebook\" class=\"text-red no-underline inline-block w-4 h-4 mr-2\" href=\"https:\/\/facebook.com\/sharer\/sharer.php?u=https%3A%2F%2Flegrandcontinent.eu%2Ffr%2F2025%2F11%2F24%2Flallemagne-est-le-premier-pays-a-re-autoriser-les-exportations-darmes-vers-israel-apres-leur-suspension-en-aout%2F\" rel=\"noopener\">&#13;<br \/>\n                                          &#13;<br \/>\n                                        <\/a>&#13;<br \/>\n                                      <a target=\"_blank\" data-social=\"linkedin\" class=\"text-red no-underline inline-block w-4 h-4 mr-2\" href=\"https:\/\/www.linkedin.com\/shareArticle?title=L%E2%80%99Allemagne+est+le+premier+pays+%C3%A0+r%C3%A9-autoriser+les+exportations+d%E2%80%99armes+vers+Isra%C3%ABl%2C+apr%C3%A8s+leur+suspension+en+ao%C3%BBt&amp;url=https%3A%2F%2Flegrandcontinent.eu%2Ffr%2F2025%2F11%2F24%2Flallemagne-est-le-premier-pays-a-re-autoriser-les-exportations-darmes-vers-israel-apres-leur-suspension-en-aout%2F\" rel=\"noopener\">&#13;<br \/>\n                                          &#13;<br \/>\n                                        <\/a>&#13;<br \/>\n&#13;<br \/>\n&#13;\n                                    <\/dd>\n<p>&#13;<\/p>\n<p class=\"font-sans text-black text-xs lg:text-2xs\">&#13;<br \/>\n                                          Abonnez-vous pour t\u00e9l\u00e9charger cet article en format PDF                                        <\/p>\n<p>                                        <a href=\"https:\/\/legrandcontinent.eu\/fr\/offre-abonnement\/\" class=\"btn-subscribe flex no-underline mt-4\" target=\"_blank\" rel=\"noopener\">&#13;<br \/>\n                                          &#13;<br \/>\n                                            \u2192&#13;<br \/>\n                                          &#13;<br \/>\n                                          &#13;<br \/>\n                                            S&rsquo;abonner                                          &#13;<br \/>\n                                        <\/a><\/p>\n<p>                                    &#13;\n                                  <\/dl>\n<p>\u00c0 partir d\u2019aujourd\u2019hui, lundi 24 novembre, les industriels allemands sont autoris\u00e9s \u00e0 reprendre leurs exportations d\u2019armes vers Isra\u00ebl. Apr\u00e8s trois mois et demi d\u2019interdiction, suite \u00e0 une d\u00e9cision prise durant l\u2019\u00e9t\u00e9 par le chancelier Friedrich Merz, Berlin a annonc\u00e9 la semaine derni\u00e8re que le cessez-le-feu \u00e9tait suffisamment \u00ab\u00a0stabilis\u00e9\u00a0\u00bb pour permettre la reprise des exportations\u00a0<a href=\"#easy-footnote-bottom-1-306103\" title=\"\u00ab\u00a0&lt;a href=&quot;https:\/\/www.zdfheute.de\/politik\/ausland\/ruestungsgueter-exporte-deutschland-israel-nahost-100.html&quot;&gt;Deutschland hebt R\u00fcstungsexport-Beschr\u00e4nkungen an Israel auf&lt;\/a&gt;\u00a0\u00bb, &lt;em&gt;ZDF heute&lt;\/em&gt;, 17 novembre 2025.\">1<\/a>.<\/p>\n<ul class=\"wp-block-list\">\n<li>L\u2019Allemagne est, selon les donn\u00e9es du SIPRI (l\u2019Institut international de recherche sur la paix de Stockholm), le deuxi\u00e8me fournisseur d\u2019armes lourdes \u00e0 Isra\u00ebl.<\/li>\n<li>Sur la p\u00e9riode 2020-2024, les industriels allemands ont repr\u00e9sent\u00e9 33\u00a0% des exportations, contre 66\u00a0% pour les \u00c9tats-Unis et 1\u00a0% pour l\u2019Italie\u00a0<a href=\"#easy-footnote-bottom-2-306103\" title=\"Cate Brown, \u00ab\u00a0&lt;a href=&quot;https:\/\/www.washingtonpost.com\/world\/2025\/10\/16\/israel-weapons-ban-gaza-arms\/&quot;&gt;These countries no longer arm Israel. It\u2019s not making much difference.&lt;\/a&gt;\u00a0\u00bb, &lt;em&gt;The Washington Post&lt;\/em&gt;, 16 octobre 2025.\">2<\/a>.<\/li>\n<li>Plusieurs cat\u00e9gories d\u2019armes \u00ab\u00a0l\u00e9g\u00e8res\u00a0\u00bb, comme les drones, les fusils ou les mitrailleuses, ne sont pas prises en compte dans ce recensement. Il en va de m\u00eame pour les composants utilis\u00e9s pour l\u2019assemblage et la fabrication d\u2019armement.<\/li>\n<\/ul>\n<p>L\u2019Allemagne est ainsi le premier pays \u00e0 avoir lev\u00e9 ses restrictions suite \u00e0 <a href=\"https:\/\/legrandcontinent.eu\/fr\/2025\/10\/09\/accord-israel-hamas-que-sait-on-de-limplementation-du-cessez-le-feu-a-gaza\/\" target=\"_blank\" rel=\"noopener\">l\u2019entr\u00e9e en vigueur d\u2019un cessez-le-feu entre Isra\u00ebl et le Hamas, le 10 octobre<\/a>. Si celui-ci a largement mis fin aux op\u00e9rations terrestres dans l\u2019enclave, les bombardements isra\u00e9liens continuent. Ces derniers ont provoqu\u00e9 plus de 300 victimes depuis le 10 octobre, selon le Bureau des m\u00e9dias du gouvernement de Gaza, une organisation affili\u00e9e au Hamas\u00a0<a href=\"#easy-footnote-bottom-3-306103\" title=\"\u00ab\u00a0&lt;a href=&quot;https:\/\/www.aljazeera.com\/news\/2025\/11\/23\/israel-has-violated-gaza-truce-nearly-500-times-in-44-days-killed-hundreds&quot;&gt;Israel has violated Gaza truce nearly 500 times in 44 days, killed hundreds&lt;\/a&gt;\u00a0\u00bb, Al Jazeera, 23 novembre 2025.\">3<\/a>.<\/p>\n<ul class=\"wp-block-list\">\n<li>Berlin chercherait \u00e0 relancer ses relations avec Isra\u00ebl, dont <a href=\"https:\/\/legrandcontinent.eu\/fr\/2025\/10\/07\/israel-a-lechelle-du-monde-geopolitique-dun-isolement-en-10-dates-et-10-cartes\/\" target=\"_blank\" rel=\"noopener\">l\u2019isolement diplomatique<\/a> s\u2019est acc\u00e9l\u00e9r\u00e9 depuis le d\u00e9but de l\u2019ann\u00e9e.<\/li>\n<li>En septembre, le Premier ministre isra\u00e9lien, Benyamin Netanyahou, avertissait que le pays pourrait \u00eatre contraint de devenir une \u00e9conomie autonome avec des \u00ab\u00a0caract\u00e9ristiques autarciques\u00a0\u00bb \u2014 <a href=\"https:\/\/legrandcontinent.eu\/fr\/2025\/10\/05\/comprendre-la-strategie-de-netanyahou-vis-a-vis-du-parti-republicain\/\" target=\"_blank\" rel=\"noopener\">une sorte de \u00ab\u00a0super-Sparte\u00a0\u00bb, selon ses mots<\/a>.<\/li>\n<li>Malgr\u00e9 cet isolement, <a href=\"https:\/\/legrandcontinent.eu\/fr\/2025\/10\/15\/pourquoi-les-investissements-ont-ils-accelere-en-israel-depuis-lattaque-du-7-octobre-2023\/\" target=\"_blank\" rel=\"noopener\">les investissements n\u2019ont cess\u00e9 de cro\u00eetre<\/a> depuis octobre 2023, notamment dans le secteur de la d\u00e9fense.\u00a0<\/li>\n<li>Au 24 novembre, l\u2019indice de la bourse de Tel Aviv affichait une hausse de pr\u00e8s de 40\u00a0% depuis le 1er janvier.<\/li>\n<\/ul>\n<p>Friedrich Merz devrait, selon des informations obtenues par des sources diplomatiques cit\u00e9es par le Times of Israel, se rendre en Isra\u00ebl en d\u00e9cembre pour sa premi\u00e8re visite depuis son entr\u00e9e en fonction, en mai\u00a0<a href=\"#easy-footnote-bottom-4-306103\" title=\"Lazar Berman, \u00ab\u00a0&lt;a href=&quot;https:\/\/www.timesofisrael.com\/liveblog_entry\/merz-to-visit-israel-for-first-time-as-german-chancellor-next-month\/&quot;&gt;Merz to visit Israel for first time as German chancellor next month&lt;\/a&gt;\u00a0\u00bb, &lt;em&gt;The Times of Israel&lt;\/em&gt;, 24 novembre 2025.\">4<\/a>. En 2022, son pr\u00e9d\u00e9cesseur Olaf Scholz s\u2019\u00e9tait rendu dans le pays pour la premi\u00e8re fois trois mois apr\u00e8s son investiture.<\/p>\n<p>Sources<\/p>\n<ol class=\"easy-footnotes-wrapper\">\n<li class=\"easy-footnote-single\">\u00ab\u00a0<a href=\"https:\/\/www.zdfheute.de\/politik\/ausland\/ruestungsgueter-exporte-deutschland-israel-nahost-100.html\" target=\"_blank\" rel=\"noopener\">Deutschland hebt R\u00fcstungsexport-Beschr\u00e4nkungen an Israel auf<\/a>\u00a0\u00bb, ZDF heute, 17 novembre 2025.<a class=\"easy-footnote-to-top\" href=\"#easy-footnote-1-306103\"\/><\/li>\n<li class=\"easy-footnote-single\">Cate Brown, \u00ab\u00a0<a href=\"https:\/\/www.washingtonpost.com\/world\/2025\/10\/16\/israel-weapons-ban-gaza-arms\/\" target=\"_blank\" rel=\"noopener\">These countries no longer arm Israel. It\u2019s not making much difference.<\/a>\u00a0\u00bb, The Washington Post, 16 octobre 2025.<a class=\"easy-footnote-to-top\" href=\"#easy-footnote-2-306103\"\/><\/li>\n<li class=\"easy-footnote-single\">\u00ab\u00a0<a href=\"https:\/\/www.aljazeera.com\/news\/2025\/11\/23\/israel-has-violated-gaza-truce-nearly-500-times-in-44-days-killed-hundreds\" target=\"_blank\" rel=\"noopener\">Israel has violated Gaza truce nearly 500 times in 44 days, killed hundreds<\/a>\u00a0\u00bb, Al Jazeera, 23 novembre 2025.<a class=\"easy-footnote-to-top\" href=\"#easy-footnote-3-306103\"\/><\/li>\n<li class=\"easy-footnote-single\">Lazar Berman, \u00ab\u00a0<a href=\"https:\/\/www.timesofisrael.com\/liveblog_entry\/merz-to-visit-israel-for-first-time-as-german-chancellor-next-month\/\" target=\"_blank\" rel=\"noopener\">Merz to visit Israel for first time as German chancellor next month<\/a>\u00a0\u00bb, The Times of Israel, 24 novembre 2025.<a class=\"easy-footnote-to-top\" href=\"#easy-footnote-4-306103\"\/><\/li>\n<\/ol>\n<p>                            <script async src=\"https:\/\/platform.twitter.com\/widgets.js\" charset=\"utf-8\"><\/script><\/p>\n","protected":false},"excerpt":{"rendered":"&#13; &#13; &#13; &#13; &#13; Date &#13; &#13; 24 novembre 2025&#13; &#13; &#13; &#13; &#13; &#13; &#13; &#13;&hellip;\n","protected":false},"author":2,"featured_media":555917,"comment_status":"","ping_status":"","sticky":false,"template":"","format":"standard","meta":{"footnotes":""},"categories":[1587],"tags":[11,672,1804,1805,1803,1777,674,1801,12,1802],"class_list":{"0":"post-555916","1":"post","2":"type-post","3":"status-publish","4":"format-standard","5":"has-post-thumbnail","7":"category-allemagne","8":"tag-actualites","9":"tag-allemagne","10":"tag-bundesrepublik-deutschland","11":"tag-de","12":"tag-deutschland","13":"tag-eu","14":"tag-europe","15":"tag-germany","16":"tag-news","17":"tag-republique-federale-dallemagne"},"share_on_mastodon":{"url":"https:\/\/pubeurope.com\/@fr\/115606058969835669","error":""},"_links":{"self":[{"href":"https:\/\/www.europesays.com\/fr\/wp-json\/wp\/v2\/posts\/555916","targetHints":{"allow":["GET"]}}],"collection":[{"href":"https:\/\/www.europesays.com\/fr\/wp-json\/wp\/v2\/posts"}],"about":[{"href":"https:\/\/www.europesays.com\/fr\/wp-json\/wp\/v2\/types\/post"}],"author":[{"embeddable":true,"href":"https:\/\/www.europesays.com\/fr\/wp-json\/wp\/v2\/users\/2"}],"replies":[{"embeddable":true,"href":"https:\/\/www.europesays.com\/fr\/wp-json\/wp\/v2\/comments?post=555916"}],"version-history":[{"count":0,"href":"https:\/\/www.europesays.com\/fr\/wp-json\/wp\/v2\/posts\/555916\/revisions"}],"wp:featuredmedia":[{"embeddable":true,"href":"https:\/\/www.europesays.com\/fr\/wp-json\/wp\/v2\/media\/555917"}],"wp:attachment":[{"href":"https:\/\/www.europesays.com\/fr\/wp-json\/wp\/v2\/media?parent=555916"}],"wp:term":[{"taxonomy":"category","embeddable":true,"href":"https:\/\/www.europesays.com\/fr\/wp-json\/wp\/v2\/categories?post=555916"},{"taxonomy":"post_tag","embeddable":true,"href":"https:\/\/www.europesays.com\/fr\/wp-json\/wp\/v2\/tags?post=555916"}],"curies":[{"name":"wp","href":"https:\/\/api.w.org\/{rel}","templated":true}]}}